{"id":4322,"date":"2025-10-06T12:33:23","date_gmt":"2025-10-06T15:33:23","guid":{"rendered":"https:\/\/itfilmes.com.br\/mostrabetim\/?p=4322"},"modified":"2025-11-11T23:27:00","modified_gmt":"2025-11-12T02:27:00","slug":"mostra-de-cinema-betim-chega-na-2a-edicao","status":"publish","type":"post","link":"https:\/\/itfilmes.com.br\/mostrabetim\/mostra-de-cinema-betim-chega-na-2a-edicao\/","title":{"rendered":"Mostra de Cinema Betim chega na\u00a0 2\u00aa edi\u00e7\u00e3o"},"content":{"rendered":"\n<p>A 2\u00aa Mostra de Cinema de Betim foi pensada, este ano, levando em conta o momento hist\u00f3rico do <strong>audiovisual brasileiro<\/strong>, onde a produ\u00e7\u00e3o nacional ganha visibilidade internacional e impulsiona toda a cadeia da economia criativa.<\/p>\n\n\n\n<p>\u00c9 nessa perspectiva que a <strong>2\u00aa Mostra de Cinema de Betim<\/strong> visa <strong>aprofundar<\/strong> o conhecimento de profissionais e iniciantes, <strong>promover<\/strong> networking e interc\u00e2mbios, e <strong>fomentar<\/strong> a ind\u00fastria criativa de Betim e regi\u00e3o.<\/p>\n\n\n\n<figure data-wp-context=\"{&quot;imageId&quot;:&quot;69ee27d33d492&quot;}\" data-wp-interactive=\"core\/image\" data-wp-key=\"69ee27d33d492\" class=\"wp-block-image size-full wp-lightbox-container\"><img fetchpriority=\"high\" decoding=\"async\" width=\"2560\" height=\"1067\" data-wp-class--hide=\"state.isContentHidden\" data-wp-class--show=\"state.isContentVisible\" data-wp-init=\"callbacks.setButtonStyles\" data-wp-on--click=\"actions.showLightbox\" data-wp-on--load=\"callbacks.setButtonStyles\" data-wp-on-window--resize=\"callbacks.setButtonStyles\" src=\"https:\/\/itfilmes.com.br\/mostrabetim\/wp-content\/uploads\/sites\/5\/2025\/10\/2mb-full-scaled.jpg\" alt=\"2\u00aa Mostra de Cinema de Betim\" class=\"wp-image-5088\" srcset=\"https:\/\/itfilmes.com.br\/mostrabetim\/wp-content\/uploads\/sites\/5\/2025\/10\/2mb-full-scaled.jpg 2560w, https:\/\/itfilmes.com.br\/mostrabetim\/wp-content\/uploads\/sites\/5\/2025\/10\/2mb-full-1536x640.jpg 1536w, https:\/\/itfilmes.com.br\/mostrabetim\/wp-content\/uploads\/sites\/5\/2025\/10\/2mb-full-2048x853.jpg 2048w, https:\/\/itfilmes.com.br\/mostrabetim\/wp-content\/uploads\/sites\/5\/2025\/10\/2mb-full-200x83.jpg 200w\" sizes=\"(max-width: 2560px) 100vw, 2560px\" \/><button\n\t\t\tclass=\"lightbox-trigger\"\n\t\t\ttype=\"button\"\n\t\t\taria-haspopup=\"dialog\"\n\t\t\taria-label=\"Ampliar\"\n\t\t\tdata-wp-init=\"callbacks.initTriggerButton\"\n\t\t\tdata-wp-on--click=\"actions.showLightbox\"\n\t\t\tdata-wp-style--right=\"state.imageButtonRight\"\n\t\t\tdata-wp-style--top=\"state.imageButtonTop\"\n\t\t>\n\t\t\t<svg xmlns=\"http:\/\/www.w3.org\/2000\/svg\" width=\"12\" height=\"12\" fill=\"none\" viewBox=\"0 0 12 12\">\n\t\t\t\t<path fill=\"#fff\" d=\"M2 0a2 2 0 0 0-2 2v2h1.5V2a.5.5 0 0 1 .5-.5h2V0H2Zm2 10.5H2a.5.5 0 0 1-.5-.5V8H0v2a2 2 0 0 0 2 2h2v-1.5ZM8 12v-1.5h2a.5.5 0 0 0 .5-.5V8H12v2a2 2 0 0 1-2 2H8Zm2-12a2 2 0 0 1 2 2v2h-1.5V2a.5.5 0 0 0-.5-.5H8V0h2Z\" \/>\n\t\t\t<\/svg>\n\t\t<\/button><figcaption class=\"wp-element-caption\"><sub>2\u00aa Mostra de Cinema de Betim \/ Divulga\u00e7\u00e3o \/ by Linke<\/sub><\/figcaption><\/figure>\n\n\n\n<p>Reconhecemos o potencial econ\u00f4mico da ind\u00fastria do audiovisual, o que fica evidente quando s\u00e3o apresentados os resultados positivos que ela movimenta. Acreditamos que o setor deve ter compromissos que v\u00e3o al\u00e9m das telas. \u00c9 fundamental buscar o <strong>alinhamento e a integra\u00e7\u00e3o com os Objetivos do Desenvolvimento Sustent\u00e1vel (ODS)<\/strong>. Por isso, somamos esfor\u00e7os para que temas cruciais como cidadania, cuidado com o planeta, direitos culturais, e garantia da prosperidade sejam estimulados e incorporados em nossos projetos.<\/p>\n\n\n\n<p>Estamos somando esfor\u00e7os para que pautas t\u00e3o importantes e necess\u00e1rias como cidadania, cuidado com o planeta, direitos culturais, erradica\u00e7\u00e3o da pobreza, garantia da paz e da prosperidade sejam estimulados e incorporados aos nossos&nbsp; projetos e cria\u00e7\u00f5es.&nbsp;<\/p>\n\n\n\n<p>Neste sentido, apoiamos e abrimos espa\u00e7o para exibi\u00e7\u00e3o de filmes locais, proporcionando visibilidade, reconhecimento, bem como gerando renda para artistas e produtores que atuam no evento.&nbsp;<\/p>\n\n\n\n<p>Tamb\u00e9m ampliamos o n\u00famero de oficinas, para formar mais pessoas e programamos um semin\u00e1rio para discutir e colaborar para apontar caminhos sustent\u00e1veis para o audiovisual na cidade de Betim e regi\u00e3o.&nbsp;<\/p>\n\n\n\n<p>Com uma curadoria sens\u00edvel e comprometida, formada exclusivamente por mulheres, continuamos atentos \u00e0 arte, \u00e0 inova\u00e7\u00e3o e \u00e0 qualidade&nbsp; dos filmes que ser\u00e3o apresentados durante toda a Mostra.&nbsp;&nbsp;<\/p>\n\n\n\n<p>A Mostra de Cinema de Betim \u00e9 uma plataforma para o futuro criativo e sustent\u00e1vel.<\/p>\n\n\n\n<div style=\"height:30px\" aria-hidden=\"true\" class=\"wp-block-spacer\"><\/div>\n\n\n\n<figure class=\"wp-block-image size-full is-resized\"><img decoding=\"async\" width=\"1078\" height=\"303\" src=\"https:\/\/itfilmes.com.br\/mostrabetim\/wp-content\/uploads\/sites\/5\/2020\/05\/II-mb@3x.png\" alt=\"2\u00aa Mostra de Cinema de Betim\" class=\"wp-image-4507\" style=\"width:302px;height:auto\" srcset=\"https:\/\/itfilmes.com.br\/mostrabetim\/wp-content\/uploads\/sites\/5\/2020\/05\/II-mb@3x.png 1078w, https:\/\/itfilmes.com.br\/mostrabetim\/wp-content\/uploads\/sites\/5\/2020\/05\/II-mb@3x-200x56.png 200w\" sizes=\"(max-width: 1078px) 100vw, 1078px\" \/><\/figure>\n\n\n\n<div style=\"height:50px\" aria-hidden=\"true\" class=\"wp-block-spacer\"><\/div>\n\n\n\n<h2 class=\"wp-block-heading\">Mostra de Cinema Betim chega na&nbsp; 2\u00aa edi\u00e7\u00e3o<\/h2>\n\n\n\n<p>A <strong>2\u00aa MOSTRA DE CINEMA DE BETIM<\/strong> chega \u00e0 sua segunda edi\u00e7\u00e3o com uma programa\u00e7\u00e3o robusta que visa <strong>fortalecer, expandir e conectar<\/strong> a cadeia criativa e produtiva do cinema e do audiovisual nos \u00e2mbitos local, regional e brasileiro.&nbsp;<\/p>\n\n\n\n<p>Prepare-se para um intenso calend\u00e1rio de atividades gratuitas, incluindo oficinas de capacita\u00e7\u00e3o, semin\u00e1rio, mostras de filmes e, claro, muita pipoca e conversas sobre a s\u00e9tima arte e a ind\u00fastria criativa.<\/p>\n\n\n\n<h2 class=\"wp-block-heading\">Capacita\u00e7\u00e3o e desenvolvimento<\/h2>\n\n\n\n<p>As <strong><a href=\"https:\/\/itfilmes.com.br\/mostrabetim\/oficinas\/\">OFICINAS AUDIOVISUAIS<\/a><\/strong> ocorrem em outubro e novembro, em diferentes pontos da cidade. Investindo no presente e futuro, a Mostra oferece <strong>10 OFICINAS DE CAPACITA\u00c7\u00c3O<\/strong>, com formatos pr\u00e1ticos e intensivos (6 horas de dura\u00e7\u00e3o e 20 vagas por turma). Os cursos abrangem toda a cadeia de produ\u00e7\u00e3o: desde o <strong>planejamento<\/strong> e <strong>financiamento<\/strong> at\u00e9 <strong>dire\u00e7\u00e3o, fotografia, roteiro, som, anima\u00e7\u00e3o, document\u00e1rio, jogos eletr\u00f4nicos, p\u00f3s-produ\u00e7\u00e3o<\/strong> e <strong>difus\u00e3o<\/strong> (distribui\u00e7\u00e3o) de obras audiovisuais.&nbsp;<\/p>\n\n\n\n<p>Cada oficina \u00e9 um passo concreto para o desenvolvimento de novas habilidades, ministradas por professores qualificados.<\/p>\n\n\n\n<h2 class=\"wp-block-heading\">Semin\u00e1rio e di\u00e1logos&nbsp;<\/h2>\n\n\n\n<p>O ponto alto da Mostra acontecer\u00e1 entre <strong>25 e 30 de novembro<\/strong>, durante a semana principal. A abertura ser\u00e1 marcada pelo <strong><a href=\"https:\/\/itfilmes.com.br\/mostrabetim\/seminario-betim-industria-criativa-desafios-e-caminhos-possiveis\/\">SEMIN\u00c1RIO \u201cBETIM IND\u00daSTRIA CRIATIVA &#8211; DESAFIOS E CAMINHOS POSS\u00cdVEIS&#8221;<\/a><\/strong>, um palco de di\u00e1logo essencial para profissionais, estudantes e entusiastas. O palestrante deste ano \u00e9 <strong>Leonardo Edde<\/strong>, atual presidente da RioFilme, fundador da Urca Filmes e ex-presidente do SICAV. O encontro visa estimular as discuss\u00f5es sobre o desenvolvimento sustent\u00e1vel da ind\u00fastria criativa em Betim e contar\u00e1 com <strong>acessibilidade em LIBRAS<\/strong>.<\/p>\n\n\n\n<h2 class=\"wp-block-heading\">Mostra cinematogr\u00e1fica e curadoria feminina<\/h2>\n\n\n\n<p>A <strong>MOSTRA CINEMATOGR\u00c1FICA<\/strong> ser\u00e1 um espa\u00e7o vibrante do cinema brasileiro, com <strong>28 sess\u00f5es<\/strong> exibidas em sala profissional, com tela grande e alta qualidade sonora. A programa\u00e7\u00e3o abrange curtas, m\u00e9dias e longas-metragens, apresentando diversidade de linguagens (fic\u00e7\u00f5es, document\u00e1rios e anima\u00e7\u00f5es).&nbsp;<\/p>\n\n\n\n<figure data-wp-context=\"{&quot;imageId&quot;:&quot;69ee27d33df42&quot;}\" data-wp-interactive=\"core\/image\" data-wp-key=\"69ee27d33df42\" class=\"wp-block-image size-full wp-lightbox-container\"><img decoding=\"async\" width=\"1080\" height=\"1350\" data-wp-class--hide=\"state.isContentHidden\" data-wp-class--show=\"state.isContentVisible\" data-wp-init=\"callbacks.setButtonStyles\" data-wp-on--click=\"actions.showLightbox\" data-wp-on--load=\"callbacks.setButtonStyles\" data-wp-on-window--resize=\"callbacks.setButtonStyles\" src=\"https:\/\/itfilmes.com.br\/mostrabetim\/wp-content\/uploads\/sites\/5\/2025\/10\/2mb__moldura-01.jpg\" alt=\"2\u00aa Mostra de Cinema de Betim\" class=\"wp-image-5067\" srcset=\"https:\/\/itfilmes.com.br\/mostrabetim\/wp-content\/uploads\/sites\/5\/2025\/10\/2mb__moldura-01.jpg 1080w, https:\/\/itfilmes.com.br\/mostrabetim\/wp-content\/uploads\/sites\/5\/2025\/10\/2mb__moldura-01-200x250.jpg 200w\" sizes=\"(max-width: 1080px) 100vw, 1080px\" \/><button\n\t\t\tclass=\"lightbox-trigger\"\n\t\t\ttype=\"button\"\n\t\t\taria-haspopup=\"dialog\"\n\t\t\taria-label=\"Ampliar\"\n\t\t\tdata-wp-init=\"callbacks.initTriggerButton\"\n\t\t\tdata-wp-on--click=\"actions.showLightbox\"\n\t\t\tdata-wp-style--right=\"state.imageButtonRight\"\n\t\t\tdata-wp-style--top=\"state.imageButtonTop\"\n\t\t>\n\t\t\t<svg xmlns=\"http:\/\/www.w3.org\/2000\/svg\" width=\"12\" height=\"12\" fill=\"none\" viewBox=\"0 0 12 12\">\n\t\t\t\t<path fill=\"#fff\" d=\"M2 0a2 2 0 0 0-2 2v2h1.5V2a.5.5 0 0 1 .5-.5h2V0H2Zm2 10.5H2a.5.5 0 0 1-.5-.5V8H0v2a2 2 0 0 0 2 2h2v-1.5ZM8 12v-1.5h2a.5.5 0 0 0 .5-.5V8H12v2a2 2 0 0 1-2 2H8Zm2-12a2 2 0 0 1 2 2v2h-1.5V2a.5.5 0 0 0-.5-.5H8V0h2Z\" \/>\n\t\t\t<\/svg>\n\t\t<\/button><figcaption class=\"wp-element-caption\"><sub>2\u00aa Mostra de Cinema de Betim \/ Divulga\u00e7\u00e3o \/ by Linke<\/sub><\/figcaption><\/figure>\n\n\n\n<p>A <strong>MOSTRA BRASIL<\/strong> trar\u00e1 um panorama da produ\u00e7\u00e3o nacional, enquanto a <strong>MOSTRA BETIM<\/strong> celebrar\u00e1 o talento local. A curadoria \u00e9 <strong>100% feita por mulheres<\/strong>, mantendo o compromisso da primeira edi\u00e7\u00e3o.<\/p>\n\n\n\n<p>A distribui\u00e7\u00e3o das atividades ao longo do segundo semestre garante uma presen\u00e7a cont\u00ednua, oferecendo diversas oportunidades para que o p\u00fablico se envolva, aprenda e contribua para o florescimento do audiovisual na regi\u00e3o.&nbsp;<\/p>\n\n\n\n<p><strong>Venha fazer parte deste roteiro!<\/strong><\/p>\n\n\n\n<h2 class=\"wp-block-heading\"><strong>PROGRAMA\u00c7\u00c3O&nbsp;<\/strong><\/h2>\n\n\n\n<p><strong>De outubro a novembro de 2025.<\/strong><br>100% gratuita em diferentes pontos da cidade.<\/p>\n\n\n\n<h3 class=\"wp-block-heading\">OFICINAS AUDIOVISUAIS&nbsp;<\/h3>\n\n\n\n<figure data-wp-context=\"{&quot;imageId&quot;:&quot;69ee27d33e3b8&quot;}\" data-wp-interactive=\"core\/image\" data-wp-key=\"69ee27d33e3b8\" class=\"wp-block-image size-full wp-lightbox-container\"><img loading=\"lazy\" decoding=\"async\" width=\"1080\" height=\"1350\" data-wp-class--hide=\"state.isContentHidden\" data-wp-class--show=\"state.isContentVisible\" data-wp-init=\"callbacks.setButtonStyles\" data-wp-on--click=\"actions.showLightbox\" data-wp-on--load=\"callbacks.setButtonStyles\" data-wp-on-window--resize=\"callbacks.setButtonStyles\" src=\"https:\/\/itfilmes.com.br\/mostrabetim\/wp-content\/uploads\/sites\/5\/2025\/10\/2mb__moldura-03.jpg\" alt=\"2\u00aa Mostra de Cinema de Betim\" class=\"wp-image-5064\" srcset=\"https:\/\/itfilmes.com.br\/mostrabetim\/wp-content\/uploads\/sites\/5\/2025\/10\/2mb__moldura-03.jpg 1080w, https:\/\/itfilmes.com.br\/mostrabetim\/wp-content\/uploads\/sites\/5\/2025\/10\/2mb__moldura-03-200x250.jpg 200w\" sizes=\"(max-width: 1080px) 100vw, 1080px\" \/><button\n\t\t\tclass=\"lightbox-trigger\"\n\t\t\ttype=\"button\"\n\t\t\taria-haspopup=\"dialog\"\n\t\t\taria-label=\"Ampliar\"\n\t\t\tdata-wp-init=\"callbacks.initTriggerButton\"\n\t\t\tdata-wp-on--click=\"actions.showLightbox\"\n\t\t\tdata-wp-style--right=\"state.imageButtonRight\"\n\t\t\tdata-wp-style--top=\"state.imageButtonTop\"\n\t\t>\n\t\t\t<svg xmlns=\"http:\/\/www.w3.org\/2000\/svg\" width=\"12\" height=\"12\" fill=\"none\" viewBox=\"0 0 12 12\">\n\t\t\t\t<path fill=\"#fff\" d=\"M2 0a2 2 0 0 0-2 2v2h1.5V2a.5.5 0 0 1 .5-.5h2V0H2Zm2 10.5H2a.5.5 0 0 1-.5-.5V8H0v2a2 2 0 0 0 2 2h2v-1.5ZM8 12v-1.5h2a.5.5 0 0 0 .5-.5V8H12v2a2 2 0 0 1-2 2H8Zm2-12a2 2 0 0 1 2 2v2h-1.5V2a.5.5 0 0 0-.5-.5H8V0h2Z\" \/>\n\t\t\t<\/svg>\n\t\t<\/button><figcaption class=\"wp-element-caption\"><sub>2\u00aa Mostra de Cinema de Betim \/ Divulga\u00e7\u00e3o \/ by Linke<\/sub><\/figcaption><\/figure>\n\n\n\n<p><strong>PLANEJAMENTO, ELABORA\u00c7\u00c3O E MECANISMOS DE FINANCIAMENTO PARA AUDIOVISUAL&nbsp;<br>Data:<\/strong> 29, 30 e 31 de outubro<strong>&nbsp;&nbsp;<\/strong><br><strong>Local:<\/strong> Espa\u00e7o Mostra Betim &#8211; Monte Carmo Shopping&nbsp;<br><strong>Hor\u00e1rio: <\/strong>19h \u00e0s 21h&nbsp;<\/p>\n\n\n\n<p>Aborda o planejamento de projetos audiovisuais (ideia, conceito, financiamento, roteiro, pr\u00e9-produ\u00e7\u00e3o, produ\u00e7\u00e3o\/filmagem, p\u00f3s-produ\u00e7\u00e3o, difus\u00e3o) e aponta caminhos para sua elabora\u00e7\u00e3o e financiamento.<\/p>\n\n\n\n<p><strong>OFICINA DE INTRODU\u00c7\u00c3O AO DOCUMENT\u00c1RIO&nbsp;<br>Data: <\/strong>29, 30 e 31 de outubro<br><strong>Local<\/strong>: It Filmes &#8211; Imbiru\u00e7u &#8211;&nbsp; Betim<br><strong>Hor\u00e1rio: <\/strong>14h \u00e0s 16h<\/p>\n\n\n\n<p>Introduz os conceitos b\u00e1sicos da linguagem documental, diferen\u00e7as entre document\u00e1rio e fic\u00e7\u00e3o, tipos de document\u00e1rio, elementos narrativos, recursos visuais e sonoros, etapas de desenvolvimento e difus\u00e3o, incentivando a produ\u00e7\u00e3o de um curta pelos participantes.<\/p>\n\n\n\n<p><strong>OFICINA DE JOGOS ELETR\u00d4NICOS &nbsp;<\/strong><br><strong>Data:<\/strong> 04,05 e 06 de novembro<br><strong>Local:<\/strong> Programa&nbsp; \u00c1rvore da Vida &#8211; Associa\u00e7\u00e3o&nbsp; Volunt\u00e1rios para o Servi\u00e7o Internacional &#8211;&nbsp; Jardim Teres\u00f3polis &#8211; Betim<br><strong>Hor\u00e1rio:<\/strong> 14h \u00e0s 16h<\/p>\n\n\n\n<p>Introduz os conceitos b\u00e1sicos do desenvolvimento de jogos eletr\u00f4nicos, proporcionando uma experi\u00eancia pr\u00e1tica e divertida.<\/p>\n\n\n\n<p><strong>OFICINA DE ANIMA\u00c7\u00c3O PARA INICIANTES&nbsp;&nbsp;<br>Data: <\/strong>04, 05, 06 de novembro<br><strong>Local<\/strong>:&nbsp; Escola Municipal Raul Saraiva &#8211; Centro &#8211; Betim<br><strong>Hor\u00e1rio:<\/strong> 7h \u00e0s 9h<\/p>\n\n\n\n<p>Apresenta as diversas formas de anima\u00e7\u00e3o e promove um exerc\u00edcio pr\u00e1tico de anima\u00e7\u00e3o com fotos e\/ou imagens.<\/p>\n\n\n\n<p><strong>OFICINA DE ROTEIRO PARA INICIANTES: DA IDEIA AO ROTEIRO<\/strong>&nbsp;<br><strong>Data: <\/strong>06 e 07 de novembro<br><strong>Local<\/strong>: Escola Estadual&nbsp; Jo\u00e3o Guimar\u00e3es Rosa &#8211; Icaivera &#8211; Betim<br><strong>Hor\u00e1rio:<\/strong> 19h \u00e0s 22h<\/p>\n\n\n\n<p>Aborda o desenvolvimento de roteiro (constru\u00e7\u00e3o de narrativas, estrutura dram\u00e1tica, personagens e di\u00e1logos) e tratamento de imagem (cria\u00e7\u00e3o de storyboards e moodboards).<\/p>\n\n\n\n<p><strong>OFICINA DE DIRE\u00c7\u00c3O FOTOGR\u00c1FICA PARA INICIANTES<br>Data: <\/strong>11 e 12 de novembro<br><strong>Local<\/strong>: Studio Cerri &#8211; Filad\u00e9lfia &#8211; Betim<br><strong>Hor\u00e1rio:<\/strong> 17h \u00e0s 20h<\/p>\n\n\n\n<p>Introduz os fundamentos da dire\u00e7\u00e3o de fotografia, colaborando no desenvolvimento de habilidades pr\u00e1ticas para a cria\u00e7\u00e3o de imagens.<\/p>\n\n\n\n<p><strong>OFICINA INTRODUT\u00d3RIA DE SOM PARA O AUDIOVISUAL<br>Data:<\/strong> 13 e 14&nbsp; de novembro<br><strong>Local<\/strong>: Ramacrisna &#8211; Santo Afonso &#8211; Betim<br><strong>Hor\u00e1rio:<\/strong> 13h \u00e0s 16h<\/p>\n\n\n\n<p>Ensina conhecimentos sobre cria\u00e7\u00e3o e manipula\u00e7\u00e3o do som em produ\u00e7\u00f5es audiovisuais, abordando conceitos b\u00e1sicos, equipamentos, t\u00e9cnicas de grava\u00e7\u00e3o, edi\u00e7\u00e3o, desenho de som, hist\u00f3ria do som no cinema e an\u00e1lise de filmes.<\/p>\n\n\n\n<h2 class=\"wp-block-heading\">Abertura Oficial: Semin\u00e1rio &#8220;Betim Ind\u00fastria Criativa&#8221;<\/h2>\n\n\n\n<p><strong>25 de Novembro<\/strong><br><strong>Local: <\/strong>Espa\u00e7o Mostra Betim &#8211; Monte Carmo Shopping<br><strong>Hor\u00e1rio:<\/strong>&nbsp;17h (Coffee break e apresenta\u00e7\u00e3o musical)&nbsp;<\/p>\n\n\n\n<figure data-wp-context=\"{&quot;imageId&quot;:&quot;69ee27d33e90f&quot;}\" data-wp-interactive=\"core\/image\" data-wp-key=\"69ee27d33e90f\" class=\"wp-block-image size-full wp-lightbox-container\"><img loading=\"lazy\" decoding=\"async\" width=\"1080\" height=\"1350\" data-wp-class--hide=\"state.isContentHidden\" data-wp-class--show=\"state.isContentVisible\" data-wp-init=\"callbacks.setButtonStyles\" data-wp-on--click=\"actions.showLightbox\" data-wp-on--load=\"callbacks.setButtonStyles\" data-wp-on-window--resize=\"callbacks.setButtonStyles\" src=\"https:\/\/itfilmes.com.br\/mostrabetim\/wp-content\/uploads\/sites\/5\/2025\/10\/2mb__moldura-02.jpg\" alt=\"2\u00aa Mostra de Cinema de Betim\" class=\"wp-image-5066\" srcset=\"https:\/\/itfilmes.com.br\/mostrabetim\/wp-content\/uploads\/sites\/5\/2025\/10\/2mb__moldura-02.jpg 1080w, https:\/\/itfilmes.com.br\/mostrabetim\/wp-content\/uploads\/sites\/5\/2025\/10\/2mb__moldura-02-200x250.jpg 200w\" sizes=\"(max-width: 1080px) 100vw, 1080px\" \/><button\n\t\t\tclass=\"lightbox-trigger\"\n\t\t\ttype=\"button\"\n\t\t\taria-haspopup=\"dialog\"\n\t\t\taria-label=\"Ampliar\"\n\t\t\tdata-wp-init=\"callbacks.initTriggerButton\"\n\t\t\tdata-wp-on--click=\"actions.showLightbox\"\n\t\t\tdata-wp-style--right=\"state.imageButtonRight\"\n\t\t\tdata-wp-style--top=\"state.imageButtonTop\"\n\t\t>\n\t\t\t<svg xmlns=\"http:\/\/www.w3.org\/2000\/svg\" width=\"12\" height=\"12\" fill=\"none\" viewBox=\"0 0 12 12\">\n\t\t\t\t<path fill=\"#fff\" d=\"M2 0a2 2 0 0 0-2 2v2h1.5V2a.5.5 0 0 1 .5-.5h2V0H2Zm2 10.5H2a.5.5 0 0 1-.5-.5V8H0v2a2 2 0 0 0 2 2h2v-1.5ZM8 12v-1.5h2a.5.5 0 0 0 .5-.5V8H12v2a2 2 0 0 1-2 2H8Zm2-12a2 2 0 0 1 2 2v2h-1.5V2a.5.5 0 0 0-.5-.5H8V0h2Z\" \/>\n\t\t\t<\/svg>\n\t\t<\/button><figcaption class=\"wp-element-caption\"><sub>2\u00aa Mostra de Cinema de Betim \/ Divulga\u00e7\u00e3o \/ by Linke<\/sub><\/figcaption><\/figure>\n\n\n\n<p><strong>Abertura do semin\u00e1rio: 17h<\/strong><\/p>\n\n\n\n<p>Semin\u00e1rio de duas horas voltado para profissionais locais da ind\u00fastria criativa, estudantes e interessados. O objetivo \u00e9 aprofundar reflex\u00f5es sobre o desenvolvimento sustent\u00e1vel do setor, fomentando a constru\u00e7\u00e3o coletiva de estrat\u00e9gias.<\/p>\n\n\n\n<p>Palestrante: <strong>Leonardo Edde<\/strong> (Produtor de cinema e atual Presidente da <a href=\"https:\/\/riofilme.com.br\/\" target=\"_blank\" rel=\"noreferrer noopener\">Riofilme<\/a>).<\/p>\n\n\n\n<p>Acessibilidade: O Semin\u00e1rio contar\u00e1 com acessibilidade em LIBRAS.<\/p>\n\n\n\n<h2 class=\"wp-block-heading\"><strong><strong>25 a 30 de novembro<\/strong><\/strong><\/h2>\n\n\n\n<h3 class=\"wp-block-heading\"><strong>MOSTRA DE FILMES<\/strong><\/h3>\n\n\n\n<p>Os filmes que compor\u00e3o a Mostra Nacional e a Mostra local est\u00e3o sendo selecionados pela curadoria da Mostra. A programa\u00e7\u00e3o completa de filmes ser\u00e1 divulgada em novembro.<br><strong>Local<\/strong>: Sala de Cinema Cineart &#8211; Monte Carmo Shopping &#8211; Betim<\/p>\n\n\n\n<h3 class=\"wp-block-heading\"><strong>OFICINAS AUDIOVISUA<\/strong>S<\/h3>\n\n\n\n<p><strong>OFICINA DE DIRE\u00c7\u00c3O CINEMATOGR\u00c1FICA PARA INICIANTES<\/strong><br><strong>Data: <\/strong>26,27 e 28 de novembro<br><strong>Local<\/strong>:&nbsp; Espa\u00e7o Mostra Betim &#8211; Monte Carmo Shopping &#8211; Betim<br><strong>Hor\u00e1rio:<\/strong> 17h \u00e0s 19h<\/p>\n\n\n\n<p>Espa\u00e7o de aprendizado intensivo e pr\u00e1tico com foco na cria\u00e7\u00e3o cinematogr\u00e1fica, visando despertar habilidades de dire\u00e7\u00e3o nos participantes.<\/p>\n\n\n\n<p><strong>OFICINA DE INTRODU\u00c7\u00c3O \u00c0 DIFUS\u00c3O &#8211; DIVULGA\u00c7\u00c3O, DISTRIBUI\u00c7\u00c3O E EXIBI\u00c7\u00c3O&nbsp;<\/strong><br><strong>Data:<\/strong> 28 de novembro<br><strong>Local<\/strong>:&nbsp; Espa\u00e7o Mostra Betim &#8211; Monte Carmo Shopping &#8211; Betim<br><strong>Hor\u00e1rio: <\/strong>16h \u00e0s 19h<\/p>\n\n\n\n<p>Aborda o planejamento e os caminhos de um filme at\u00e9 chegar ao&nbsp; p\u00fablico, incluindo marketing, festivais, mostras, plataformas digitais (distribui\u00e7\u00e3o online) e plataformas tradicionais.<\/p>\n\n\n\n<p><strong>OFICINA DE INTRODU\u00c7\u00c3O A P\u00d3S-PRODU\u00c7\u00c3O<\/strong><br><strong>Data: <\/strong>29 de novembro<br><strong>Local<\/strong>:&nbsp; Espa\u00e7o Mostra Betim &#8211; Monte Carmo Shopping &#8211; Betim<br><strong>Hor\u00e1rio:<\/strong> 9h \u00e0s 12h \/ 14h \u00e0s 17h<\/p>\n\n\n\n<p>Aborda montagem\/edi\u00e7\u00e3o de v\u00eddeo, corre\u00e7\u00e3o e colora\u00e7\u00e3o, edi\u00e7\u00e3o de \u00e1udio, finaliza\u00e7\u00e3o e exporta\u00e7\u00e3o de filmes.<\/p>\n\n\n\n<p><\/p>\n\n\n\n<div class=\"wp-block-buttons is-layout-flex wp-block-buttons-is-layout-flex\">\n<div class=\"wp-block-button\"><a class=\"wp-block-button__link wp-element-button\" href=\"https:\/\/itfilmes.com.br\/mostrabetim\/oficinas\/\">Mais informa\u00e7\u00f5es e inscri\u00e7\u00f5es<\/a><\/div>\n<\/div>\n\n\n\n<div style=\"height:30px\" aria-hidden=\"true\" class=\"wp-block-spacer\"><\/div>\n\n\n\n<hr class=\"wp-block-separator has-text-color has-alpha-channel-opacity has-background is-style-wide\" style=\"background-color:#e1e1e1;color:#e1e1e1\"\/>\n\n\n\n<div style=\"height:30px\" aria-hidden=\"true\" class=\"wp-block-spacer\"><\/div>\n\n\n\n<figure data-wp-context=\"{&quot;imageId&quot;:&quot;69ee27d33f18d&quot;}\" data-wp-interactive=\"core\/image\" data-wp-key=\"69ee27d33f18d\" class=\"wp-block-image size-full wp-lightbox-container\"><img loading=\"lazy\" decoding=\"async\" width=\"1080\" height=\"1350\" data-wp-class--hide=\"state.isContentHidden\" data-wp-class--show=\"state.isContentVisible\" data-wp-init=\"callbacks.setButtonStyles\" data-wp-on--click=\"actions.showLightbox\" data-wp-on--load=\"callbacks.setButtonStyles\" data-wp-on-window--resize=\"callbacks.setButtonStyles\" src=\"https:\/\/itfilmes.com.br\/mostrabetim\/wp-content\/uploads\/sites\/5\/2025\/10\/2mb__cartela.jpg\" alt=\"2\u00aa Mostra de Cinema de Betim\" class=\"wp-image-5074\" srcset=\"https:\/\/itfilmes.com.br\/mostrabetim\/wp-content\/uploads\/sites\/5\/2025\/10\/2mb__cartela.jpg 1080w, https:\/\/itfilmes.com.br\/mostrabetim\/wp-content\/uploads\/sites\/5\/2025\/10\/2mb__cartela-200x250.jpg 200w\" sizes=\"(max-width: 1080px) 100vw, 1080px\" \/><button\n\t\t\tclass=\"lightbox-trigger\"\n\t\t\ttype=\"button\"\n\t\t\taria-haspopup=\"dialog\"\n\t\t\taria-label=\"Ampliar\"\n\t\t\tdata-wp-init=\"callbacks.initTriggerButton\"\n\t\t\tdata-wp-on--click=\"actions.showLightbox\"\n\t\t\tdata-wp-style--right=\"state.imageButtonRight\"\n\t\t\tdata-wp-style--top=\"state.imageButtonTop\"\n\t\t>\n\t\t\t<svg xmlns=\"http:\/\/www.w3.org\/2000\/svg\" width=\"12\" height=\"12\" fill=\"none\" viewBox=\"0 0 12 12\">\n\t\t\t\t<path fill=\"#fff\" d=\"M2 0a2 2 0 0 0-2 2v2h1.5V2a.5.5 0 0 1 .5-.5h2V0H2Zm2 10.5H2a.5.5 0 0 1-.5-.5V8H0v2a2 2 0 0 0 2 2h2v-1.5ZM8 12v-1.5h2a.5.5 0 0 0 .5-.5V8H12v2a2 2 0 0 1-2 2H8Zm2-12a2 2 0 0 1 2 2v2h-1.5V2a.5.5 0 0 0-.5-.5H8V0h2Z\" \/>\n\t\t\t<\/svg>\n\t\t<\/button><figcaption class=\"wp-element-caption\"><sub>2\u00aa Mostra de Cinema de Betim \/ Divulga\u00e7\u00e3o<\/sub><\/figcaption><\/figure>\n\n\n\n<h2 class=\"wp-block-heading\"><strong><strong>Servi\u00e7o<\/strong><\/strong><\/h2>\n\n\n\n<p><strong>2\u00aa Mostra de Cinema de Betim<\/strong><br>de Outubro a Novembro de 2025<br>Site: <a href=\"http:\/\/mostrabetim.com.br\">www.mostrabetim.com.br<\/a><br>Instagram: <a href=\"https:\/\/www.instagram.com\/mostradecinemadebetim\/\" target=\"_blank\" rel=\"noreferrer noopener\">@mostradecinemadebetim<\/a><br>Produtora: It Filmes<br>Contato: 31 991 549 835<\/p>\n","protected":false},"excerpt":{"rendered":"<p>2\u00aa Mostra de Cinema de Betim visa aprofundar o conhecimento de profissionais e iniciantes, promover networking e interc\u00e2mbios, e fomentar a ind\u00fastria criativa de Betim e regi\u00e3o.<\/p>\n","protected":false},"author":1,"featured_media":4972,"comment_status":"closed","ping_status":"closed","sticky":false,"template":"","format":"standard","meta":{"_joinchat":[],"footnotes":""},"categories":[1],"tags":[],"class_list":["post-4322","post","type-post","status-publish","format-standard","has-post-thumbnail","hentry","category-noticia"],"yoast_head":"<!-- This site is optimized with the Yoast SEO plugin v27.4 - https:\/\/yoast.com\/product\/yoast-seo-wordpress\/ -->\n<title>Mostra de Cinema Betim chega na\u00a0 2\u00aa edi\u00e7\u00e3o - Ind\u00fastria criativa<\/title>\n<meta name=\"description\" content=\"2\u00aa\u00a0Mostra de Cinema de Betim quer aprofundar o conhecimento dos profissionais, e iniciantes, promover\u00a0network e fomentar a ind\u00fastria criativa de Betim.\" \/>\n<meta name=\"robots\" content=\"index, follow, max-snippet:-1, max-image-preview:large, max-video-preview:-1\" \/>\n<link rel=\"canonical\" href=\"https:\/\/itfilmes.com.br\/mostrabetim\/mostra-de-cinema-betim-chega-na-2a-edicao\/\" \/>\n<meta property=\"og:locale\" content=\"pt_BR\" \/>\n<meta property=\"og:type\" content=\"article\" \/>\n<meta property=\"og:title\" content=\"Mostra de Cinema Betim chega na\u00a0 2\u00aa edi\u00e7\u00e3o - Ind\u00fastria criativa\" \/>\n<meta property=\"og:description\" content=\"2\u00aa\u00a0Mostra de Cinema de Betim quer aprofundar o conhecimento dos profissionais, e iniciantes, promover\u00a0network e fomentar a ind\u00fastria criativa de Betim.\" \/>\n<meta property=\"og:url\" content=\"https:\/\/itfilmes.com.br\/mostrabetim\/mostra-de-cinema-betim-chega-na-2a-edicao\/\" \/>\n<meta property=\"og:site_name\" content=\"Mostra Betim\" \/>\n<meta property=\"article:publisher\" content=\"https:\/\/www.facebook.com\/profile.php?id=61556514621076\" \/>\n<meta property=\"article:published_time\" content=\"2025-10-06T15:33:23+00:00\" \/>\n<meta property=\"article:modified_time\" content=\"2025-11-12T02:27:00+00:00\" \/>\n<meta property=\"og:image\" content=\"https:\/\/itfilmes.com.br\/mostrabetim\/wp-content\/uploads\/sites\/5\/2025\/10\/mostra-betim-2025-01.jpg\" \/>\n\t<meta property=\"og:image:width\" content=\"1280\" \/>\n\t<meta property=\"og:image:height\" content=\"1280\" \/>\n\t<meta property=\"og:image:type\" content=\"image\/jpeg\" \/>\n<meta name=\"author\" content=\"AppIt\" \/>\n<meta name=\"twitter:card\" content=\"summary_large_image\" \/>\n<script type=\"application\/ld+json\" class=\"yoast-schema-graph\">{\"@context\":\"https:\\\/\\\/schema.org\",\"@graph\":[{\"@type\":\"Article\",\"@id\":\"https:\\\/\\\/itfilmes.com.br\\\/mostrabetim\\\/mostra-de-cinema-betim-chega-na-2a-edicao\\\/#article\",\"isPartOf\":{\"@id\":\"https:\\\/\\\/itfilmes.com.br\\\/mostrabetim\\\/mostra-de-cinema-betim-chega-na-2a-edicao\\\/\"},\"author\":{\"name\":\"AppIt\",\"@id\":\"https:\\\/\\\/itfilmes.com.br\\\/mostrabetim\\\/#\\\/schema\\\/person\\\/60af4a433d6a61fe3ac7c3693efc30f8\"},\"headline\":\"Mostra de Cinema Betim chega na\u00a0 2\u00aa edi\u00e7\u00e3o\",\"datePublished\":\"2025-10-06T15:33:23+00:00\",\"dateModified\":\"2025-11-12T02:27:00+00:00\",\"mainEntityOfPage\":{\"@id\":\"https:\\\/\\\/itfilmes.com.br\\\/mostrabetim\\\/mostra-de-cinema-betim-chega-na-2a-edicao\\\/\"},\"wordCount\":1508,\"publisher\":{\"@id\":\"https:\\\/\\\/itfilmes.com.br\\\/mostrabetim\\\/#organization\"},\"image\":{\"@id\":\"https:\\\/\\\/itfilmes.com.br\\\/mostrabetim\\\/mostra-de-cinema-betim-chega-na-2a-edicao\\\/#primaryimage\"},\"thumbnailUrl\":\"https:\\\/\\\/itfilmes.com.br\\\/mostrabetim\\\/wp-content\\\/uploads\\\/sites\\\/5\\\/2025\\\/10\\\/mostra-betim-2025-01.jpg\",\"articleSection\":[\"Not\u00edcia\"],\"inLanguage\":\"pt-BR\"},{\"@type\":\"WebPage\",\"@id\":\"https:\\\/\\\/itfilmes.com.br\\\/mostrabetim\\\/mostra-de-cinema-betim-chega-na-2a-edicao\\\/\",\"url\":\"https:\\\/\\\/itfilmes.com.br\\\/mostrabetim\\\/mostra-de-cinema-betim-chega-na-2a-edicao\\\/\",\"name\":\"Mostra de Cinema Betim chega na\u00a0 2\u00aa edi\u00e7\u00e3o - Ind\u00fastria criativa\",\"isPartOf\":{\"@id\":\"https:\\\/\\\/itfilmes.com.br\\\/mostrabetim\\\/#website\"},\"primaryImageOfPage\":{\"@id\":\"https:\\\/\\\/itfilmes.com.br\\\/mostrabetim\\\/mostra-de-cinema-betim-chega-na-2a-edicao\\\/#primaryimage\"},\"image\":{\"@id\":\"https:\\\/\\\/itfilmes.com.br\\\/mostrabetim\\\/mostra-de-cinema-betim-chega-na-2a-edicao\\\/#primaryimage\"},\"thumbnailUrl\":\"https:\\\/\\\/itfilmes.com.br\\\/mostrabetim\\\/wp-content\\\/uploads\\\/sites\\\/5\\\/2025\\\/10\\\/mostra-betim-2025-01.jpg\",\"datePublished\":\"2025-10-06T15:33:23+00:00\",\"dateModified\":\"2025-11-12T02:27:00+00:00\",\"description\":\"2\u00aa\u00a0Mostra de Cinema de Betim quer aprofundar o conhecimento dos profissionais, e iniciantes, promover\u00a0network e fomentar a ind\u00fastria criativa de Betim.\",\"breadcrumb\":{\"@id\":\"https:\\\/\\\/itfilmes.com.br\\\/mostrabetim\\\/mostra-de-cinema-betim-chega-na-2a-edicao\\\/#breadcrumb\"},\"inLanguage\":\"pt-BR\",\"potentialAction\":[{\"@type\":\"ReadAction\",\"target\":[\"https:\\\/\\\/itfilmes.com.br\\\/mostrabetim\\\/mostra-de-cinema-betim-chega-na-2a-edicao\\\/\"]}]},{\"@type\":\"ImageObject\",\"inLanguage\":\"pt-BR\",\"@id\":\"https:\\\/\\\/itfilmes.com.br\\\/mostrabetim\\\/mostra-de-cinema-betim-chega-na-2a-edicao\\\/#primaryimage\",\"url\":\"https:\\\/\\\/itfilmes.com.br\\\/mostrabetim\\\/wp-content\\\/uploads\\\/sites\\\/5\\\/2025\\\/10\\\/mostra-betim-2025-01.jpg\",\"contentUrl\":\"https:\\\/\\\/itfilmes.com.br\\\/mostrabetim\\\/wp-content\\\/uploads\\\/sites\\\/5\\\/2025\\\/10\\\/mostra-betim-2025-01.jpg\",\"width\":1280,\"height\":1280,\"caption\":\"2\u00aa Mostra de Cinema de Betim \\\/ Divulga\u00e7\u00e3o \\\/ by Linke\"},{\"@type\":\"BreadcrumbList\",\"@id\":\"https:\\\/\\\/itfilmes.com.br\\\/mostrabetim\\\/mostra-de-cinema-betim-chega-na-2a-edicao\\\/#breadcrumb\",\"itemListElement\":[{\"@type\":\"ListItem\",\"position\":1,\"name\":\"In\u00edcio\",\"item\":\"https:\\\/\\\/itfilmes.com.br\\\/mostrabetim\\\/\"},{\"@type\":\"ListItem\",\"position\":2,\"name\":\"Not\u00edcia\",\"item\":\"https:\\\/\\\/itfilmes.com.br\\\/mostrabetim\\\/category\\\/noticia\\\/\"},{\"@type\":\"ListItem\",\"position\":3,\"name\":\"Mostra de Cinema Betim chega na\u00a0 2\u00aa edi\u00e7\u00e3o\"}]},{\"@type\":\"WebSite\",\"@id\":\"https:\\\/\\\/itfilmes.com.br\\\/mostrabetim\\\/#website\",\"url\":\"https:\\\/\\\/itfilmes.com.br\\\/mostrabetim\\\/\",\"name\":\"2\u00aa Mostra Betim - IT Filmes\",\"description\":\"Cinema pra todos\",\"publisher\":{\"@id\":\"https:\\\/\\\/itfilmes.com.br\\\/mostrabetim\\\/#organization\"},\"alternateName\":\"2\u00aa Mostra Betim - IT Filmes\",\"potentialAction\":[{\"@type\":\"SearchAction\",\"target\":{\"@type\":\"EntryPoint\",\"urlTemplate\":\"https:\\\/\\\/itfilmes.com.br\\\/mostrabetim\\\/?s={search_term_string}\"},\"query-input\":{\"@type\":\"PropertyValueSpecification\",\"valueRequired\":true,\"valueName\":\"search_term_string\"}}],\"inLanguage\":\"pt-BR\"},{\"@type\":\"Organization\",\"@id\":\"https:\\\/\\\/itfilmes.com.br\\\/mostrabetim\\\/#organization\",\"name\":\"Mostra Betim - IT Filmes\",\"url\":\"https:\\\/\\\/itfilmes.com.br\\\/mostrabetim\\\/\",\"logo\":{\"@type\":\"ImageObject\",\"inLanguage\":\"pt-BR\",\"@id\":\"https:\\\/\\\/itfilmes.com.br\\\/mostrabetim\\\/#\\\/schema\\\/logo\\\/image\\\/\",\"url\":\"https:\\\/\\\/itfilmes.com.br\\\/mostrabetim\\\/wp-content\\\/uploads\\\/sites\\\/5\\\/2020\\\/05\\\/II-mb@3x.png\",\"contentUrl\":\"https:\\\/\\\/itfilmes.com.br\\\/mostrabetim\\\/wp-content\\\/uploads\\\/sites\\\/5\\\/2020\\\/05\\\/II-mb@3x.png\",\"width\":1078,\"height\":303,\"caption\":\"Mostra Betim - IT Filmes\"},\"image\":{\"@id\":\"https:\\\/\\\/itfilmes.com.br\\\/mostrabetim\\\/#\\\/schema\\\/logo\\\/image\\\/\"},\"sameAs\":[\"https:\\\/\\\/www.facebook.com\\\/profile.php?id=61556514621076\",\"https:\\\/\\\/www.instagram.com\\\/mostradecinemadebetim\\\/\",\"https:\\\/\\\/www.youtube.com\\\/@MidiasMostraBetim\"]},{\"@type\":\"Person\",\"@id\":\"https:\\\/\\\/itfilmes.com.br\\\/mostrabetim\\\/#\\\/schema\\\/person\\\/60af4a433d6a61fe3ac7c3693efc30f8\",\"name\":\"AppIt\",\"image\":{\"@type\":\"ImageObject\",\"inLanguage\":\"pt-BR\",\"@id\":\"https:\\\/\\\/secure.gravatar.com\\\/avatar\\\/0530b27294ab1302f008a9b0e92ff62ac09306ead56aa56b279ba1a0b3cb4aeb?s=96&d=mm&r=g\",\"url\":\"https:\\\/\\\/secure.gravatar.com\\\/avatar\\\/0530b27294ab1302f008a9b0e92ff62ac09306ead56aa56b279ba1a0b3cb4aeb?s=96&d=mm&r=g\",\"contentUrl\":\"https:\\\/\\\/secure.gravatar.com\\\/avatar\\\/0530b27294ab1302f008a9b0e92ff62ac09306ead56aa56b279ba1a0b3cb4aeb?s=96&d=mm&r=g\",\"caption\":\"AppIt\"},\"sameAs\":[\"https:\\\/\\\/itfilmes.com.br\"]}]}<\/script>\n<!-- \/ Yoast SEO plugin. -->","yoast_head_json":{"title":"Mostra de Cinema Betim chega na\u00a0 2\u00aa edi\u00e7\u00e3o - Ind\u00fastria criativa","description":"2\u00aa\u00a0Mostra de Cinema de Betim quer aprofundar o conhecimento dos profissionais, e iniciantes, promover\u00a0network e fomentar a ind\u00fastria criativa de Betim.","robots":{"index":"index","follow":"follow","max-snippet":"max-snippet:-1","max-image-preview":"max-image-preview:large","max-video-preview":"max-video-preview:-1"},"canonical":"https:\/\/itfilmes.com.br\/mostrabetim\/mostra-de-cinema-betim-chega-na-2a-edicao\/","og_locale":"pt_BR","og_type":"article","og_title":"Mostra de Cinema Betim chega na\u00a0 2\u00aa edi\u00e7\u00e3o - Ind\u00fastria criativa","og_description":"2\u00aa\u00a0Mostra de Cinema de Betim quer aprofundar o conhecimento dos profissionais, e iniciantes, promover\u00a0network e fomentar a ind\u00fastria criativa de Betim.","og_url":"https:\/\/itfilmes.com.br\/mostrabetim\/mostra-de-cinema-betim-chega-na-2a-edicao\/","og_site_name":"Mostra Betim","article_publisher":"https:\/\/www.facebook.com\/profile.php?id=61556514621076","article_published_time":"2025-10-06T15:33:23+00:00","article_modified_time":"2025-11-12T02:27:00+00:00","og_image":[{"width":1280,"height":1280,"url":"https:\/\/itfilmes.com.br\/mostrabetim\/wp-content\/uploads\/sites\/5\/2025\/10\/mostra-betim-2025-01.jpg","type":"image\/jpeg"}],"author":"AppIt","twitter_card":"summary_large_image","schema":{"@context":"https:\/\/schema.org","@graph":[{"@type":"Article","@id":"https:\/\/itfilmes.com.br\/mostrabetim\/mostra-de-cinema-betim-chega-na-2a-edicao\/#article","isPartOf":{"@id":"https:\/\/itfilmes.com.br\/mostrabetim\/mostra-de-cinema-betim-chega-na-2a-edicao\/"},"author":{"name":"AppIt","@id":"https:\/\/itfilmes.com.br\/mostrabetim\/#\/schema\/person\/60af4a433d6a61fe3ac7c3693efc30f8"},"headline":"Mostra de Cinema Betim chega na\u00a0 2\u00aa edi\u00e7\u00e3o","datePublished":"2025-10-06T15:33:23+00:00","dateModified":"2025-11-12T02:27:00+00:00","mainEntityOfPage":{"@id":"https:\/\/itfilmes.com.br\/mostrabetim\/mostra-de-cinema-betim-chega-na-2a-edicao\/"},"wordCount":1508,"publisher":{"@id":"https:\/\/itfilmes.com.br\/mostrabetim\/#organization"},"image":{"@id":"https:\/\/itfilmes.com.br\/mostrabetim\/mostra-de-cinema-betim-chega-na-2a-edicao\/#primaryimage"},"thumbnailUrl":"https:\/\/itfilmes.com.br\/mostrabetim\/wp-content\/uploads\/sites\/5\/2025\/10\/mostra-betim-2025-01.jpg","articleSection":["Not\u00edcia"],"inLanguage":"pt-BR"},{"@type":"WebPage","@id":"https:\/\/itfilmes.com.br\/mostrabetim\/mostra-de-cinema-betim-chega-na-2a-edicao\/","url":"https:\/\/itfilmes.com.br\/mostrabetim\/mostra-de-cinema-betim-chega-na-2a-edicao\/","name":"Mostra de Cinema Betim chega na\u00a0 2\u00aa edi\u00e7\u00e3o - Ind\u00fastria criativa","isPartOf":{"@id":"https:\/\/itfilmes.com.br\/mostrabetim\/#website"},"primaryImageOfPage":{"@id":"https:\/\/itfilmes.com.br\/mostrabetim\/mostra-de-cinema-betim-chega-na-2a-edicao\/#primaryimage"},"image":{"@id":"https:\/\/itfilmes.com.br\/mostrabetim\/mostra-de-cinema-betim-chega-na-2a-edicao\/#primaryimage"},"thumbnailUrl":"https:\/\/itfilmes.com.br\/mostrabetim\/wp-content\/uploads\/sites\/5\/2025\/10\/mostra-betim-2025-01.jpg","datePublished":"2025-10-06T15:33:23+00:00","dateModified":"2025-11-12T02:27:00+00:00","description":"2\u00aa\u00a0Mostra de Cinema de Betim quer aprofundar o conhecimento dos profissionais, e iniciantes, promover\u00a0network e fomentar a ind\u00fastria criativa de Betim.","breadcrumb":{"@id":"https:\/\/itfilmes.com.br\/mostrabetim\/mostra-de-cinema-betim-chega-na-2a-edicao\/#breadcrumb"},"inLanguage":"pt-BR","potentialAction":[{"@type":"ReadAction","target":["https:\/\/itfilmes.com.br\/mostrabetim\/mostra-de-cinema-betim-chega-na-2a-edicao\/"]}]},{"@type":"ImageObject","inLanguage":"pt-BR","@id":"https:\/\/itfilmes.com.br\/mostrabetim\/mostra-de-cinema-betim-chega-na-2a-edicao\/#primaryimage","url":"https:\/\/itfilmes.com.br\/mostrabetim\/wp-content\/uploads\/sites\/5\/2025\/10\/mostra-betim-2025-01.jpg","contentUrl":"https:\/\/itfilmes.com.br\/mostrabetim\/wp-content\/uploads\/sites\/5\/2025\/10\/mostra-betim-2025-01.jpg","width":1280,"height":1280,"caption":"2\u00aa Mostra de Cinema de Betim \/ Divulga\u00e7\u00e3o \/ by Linke"},{"@type":"BreadcrumbList","@id":"https:\/\/itfilmes.com.br\/mostrabetim\/mostra-de-cinema-betim-chega-na-2a-edicao\/#breadcrumb","itemListElement":[{"@type":"ListItem","position":1,"name":"In\u00edcio","item":"https:\/\/itfilmes.com.br\/mostrabetim\/"},{"@type":"ListItem","position":2,"name":"Not\u00edcia","item":"https:\/\/itfilmes.com.br\/mostrabetim\/category\/noticia\/"},{"@type":"ListItem","position":3,"name":"Mostra de Cinema Betim chega na\u00a0 2\u00aa edi\u00e7\u00e3o"}]},{"@type":"WebSite","@id":"https:\/\/itfilmes.com.br\/mostrabetim\/#website","url":"https:\/\/itfilmes.com.br\/mostrabetim\/","name":"2\u00aa Mostra Betim - IT Filmes","description":"Cinema pra todos","publisher":{"@id":"https:\/\/itfilmes.com.br\/mostrabetim\/#organization"},"alternateName":"2\u00aa Mostra Betim - IT Filmes","potentialAction":[{"@type":"SearchAction","target":{"@type":"EntryPoint","urlTemplate":"https:\/\/itfilmes.com.br\/mostrabetim\/?s={search_term_string}"},"query-input":{"@type":"PropertyValueSpecification","valueRequired":true,"valueName":"search_term_string"}}],"inLanguage":"pt-BR"},{"@type":"Organization","@id":"https:\/\/itfilmes.com.br\/mostrabetim\/#organization","name":"Mostra Betim - IT Filmes","url":"https:\/\/itfilmes.com.br\/mostrabetim\/","logo":{"@type":"ImageObject","inLanguage":"pt-BR","@id":"https:\/\/itfilmes.com.br\/mostrabetim\/#\/schema\/logo\/image\/","url":"https:\/\/itfilmes.com.br\/mostrabetim\/wp-content\/uploads\/sites\/5\/2020\/05\/II-mb@3x.png","contentUrl":"https:\/\/itfilmes.com.br\/mostrabetim\/wp-content\/uploads\/sites\/5\/2020\/05\/II-mb@3x.png","width":1078,"height":303,"caption":"Mostra Betim - IT Filmes"},"image":{"@id":"https:\/\/itfilmes.com.br\/mostrabetim\/#\/schema\/logo\/image\/"},"sameAs":["https:\/\/www.facebook.com\/profile.php?id=61556514621076","https:\/\/www.instagram.com\/mostradecinemadebetim\/","https:\/\/www.youtube.com\/@MidiasMostraBetim"]},{"@type":"Person","@id":"https:\/\/itfilmes.com.br\/mostrabetim\/#\/schema\/person\/60af4a433d6a61fe3ac7c3693efc30f8","name":"AppIt","image":{"@type":"ImageObject","inLanguage":"pt-BR","@id":"https:\/\/secure.gravatar.com\/avatar\/0530b27294ab1302f008a9b0e92ff62ac09306ead56aa56b279ba1a0b3cb4aeb?s=96&d=mm&r=g","url":"https:\/\/secure.gravatar.com\/avatar\/0530b27294ab1302f008a9b0e92ff62ac09306ead56aa56b279ba1a0b3cb4aeb?s=96&d=mm&r=g","contentUrl":"https:\/\/secure.gravatar.com\/avatar\/0530b27294ab1302f008a9b0e92ff62ac09306ead56aa56b279ba1a0b3cb4aeb?s=96&d=mm&r=g","caption":"AppIt"},"sameAs":["https:\/\/itfilmes.com.br"]}]}},"_links":{"self":[{"href":"https:\/\/itfilmes.com.br\/mostrabetim\/wp-json\/wp\/v2\/posts\/4322","targetHints":{"allow":["GET"]}}],"collection":[{"href":"https:\/\/itfilmes.com.br\/mostrabetim\/wp-json\/wp\/v2\/posts"}],"about":[{"href":"https:\/\/itfilmes.com.br\/mostrabetim\/wp-json\/wp\/v2\/types\/post"}],"author":[{"embeddable":true,"href":"https:\/\/itfilmes.com.br\/mostrabetim\/wp-json\/wp\/v2\/users\/1"}],"replies":[{"embeddable":true,"href":"https:\/\/itfilmes.com.br\/mostrabetim\/wp-json\/wp\/v2\/comments?post=4322"}],"version-history":[{"count":48,"href":"https:\/\/itfilmes.com.br\/mostrabetim\/wp-json\/wp\/v2\/posts\/4322\/revisions"}],"predecessor-version":[{"id":5211,"href":"https:\/\/itfilmes.com.br\/mostrabetim\/wp-json\/wp\/v2\/posts\/4322\/revisions\/5211"}],"wp:featuredmedia":[{"embeddable":true,"href":"https:\/\/itfilmes.com.br\/mostrabetim\/wp-json\/wp\/v2\/media\/4972"}],"wp:attachment":[{"href":"https:\/\/itfilmes.com.br\/mostrabetim\/wp-json\/wp\/v2\/media?parent=4322"}],"wp:term":[{"taxonomy":"category","embeddable":true,"href":"https:\/\/itfilmes.com.br\/mostrabetim\/wp-json\/wp\/v2\/categories?post=4322"},{"taxonomy":"post_tag","embeddable":true,"href":"https:\/\/itfilmes.com.br\/mostrabetim\/wp-json\/wp\/v2\/tags?post=4322"}],"curies":[{"name":"wp","href":"https:\/\/api.w.org\/{rel}","templated":true}]}}