{"id":1564,"date":"2024-04-03T06:45:47","date_gmt":"2024-04-03T09:45:47","guid":{"rendered":"https:\/\/itfilmes.com.br\/mostrabetim1\/?p=1564"},"modified":"2024-04-13T09:26:18","modified_gmt":"2024-04-13T12:26:18","slug":"curadoria-de-filmes","status":"publish","type":"post","link":"https:\/\/itfilmes.com.br\/mostrabetim1\/curadoria-de-filmes\/","title":{"rendered":"Curadoria de filmes"},"content":{"rendered":"\n<h2 class=\"wp-block-heading\">Mariana Tavares e Lorena Ortiz, diversidade da produ\u00e7\u00e3o do cinema brasileiro, novas abordagens, linguagens e representatividades presentes nos filmes selecionados.<\/h2>\n\n\n\n<div class=\"wp-block-group\"><div class=\"wp-block-group__inner-container is-layout-constrained wp-block-group-is-layout-constrained\"><div class=\"wp-block-image\">\n<figure class=\"alignleft size-medium\"><img fetchpriority=\"high\" decoding=\"async\" width=\"300\" height=\"300\" src=\"https:\/\/itfilmes.com.br\/mostrabetim1\/wp-content\/uploads\/sites\/7\/2024\/04\/Mariana-Tavares-credito_-Marcia-Charnizon-300x300.jpg\" alt=\"Mariana Tavares\" class=\"wp-image-1570\" srcset=\"https:\/\/itfilmes.com.br\/mostrabetim1\/wp-content\/uploads\/sites\/7\/2024\/04\/Mariana-Tavares-credito_-Marcia-Charnizon-300x300.jpg 300w, https:\/\/itfilmes.com.br\/mostrabetim1\/wp-content\/uploads\/sites\/7\/2024\/04\/Mariana-Tavares-credito_-Marcia-Charnizon-150x150.jpg 150w, https:\/\/itfilmes.com.br\/mostrabetim1\/wp-content\/uploads\/sites\/7\/2024\/04\/Mariana-Tavares-credito_-Marcia-Charnizon-768x768.jpg 768w\" sizes=\"(max-width: 300px) 100vw, 300px\" \/><figcaption class=\"wp-element-caption\"><sub>Mariana Tavares \/ foto Ma\u0301rcia Charnizon<\/sub><\/figcaption><\/figure>\n<\/div>\n\n\n<h3 class=\"wp-block-heading\"><strong>Mariana Tavares \u00e9 professora e pesquisadora de cinema. <\/strong><\/h3>\n\n\n\n<p>Foi professora Visitante do DFC\/EBA\/UFMG (2021-2023). Publicou os livros <em>Helena Solberg, do Cinema Novo ao Document\u00e1rio Contempor\u00e2neo <\/em>(\u00c9 Tudo Verdade\/Imprensa Oficial de SP, 2014) e <em>Pesquisas em Anima\u00e7\u00e3o: Cinema &amp; Po\u00e9ticas Tecnol\u00f3gicas <\/em>(em coorganiza\u00e7\u00e3o com Maur\u00edcio Gino, Ed. Ramalhete, 2019). Trabalhou na Funda\u00e7\u00e3o Rede Minas Cultural e Educativa onde atuou como diretora de programa, editora, roteirista e documentarista. Dirigiu e apresentou por nove anos o programa Curta, dedicado \u00e0 reflex\u00e3o e difus\u00e3o do curta-metragem brasileiro e internacional.<\/p>\n<\/div><\/div>\n\n\n\n<div style=\"height:30px\" aria-hidden=\"true\" class=\"wp-block-spacer\"><\/div>\n\n\n\n<div class=\"wp-block-group\"><div class=\"wp-block-group__inner-container is-layout-constrained wp-block-group-is-layout-constrained\"><div class=\"wp-block-image is-style-default\">\n<figure class=\"alignleft size-medium\"><img decoding=\"async\" width=\"300\" height=\"300\" src=\"https:\/\/itfilmes.com.br\/mostrabetim1\/wp-content\/uploads\/sites\/7\/2024\/04\/Lorena-Ortiz-300x300.jpg\" alt=\"Lorena Ortiz\" class=\"wp-image-1565\" srcset=\"https:\/\/itfilmes.com.br\/mostrabetim1\/wp-content\/uploads\/sites\/7\/2024\/04\/Lorena-Ortiz-300x300.jpg 300w, https:\/\/itfilmes.com.br\/mostrabetim1\/wp-content\/uploads\/sites\/7\/2024\/04\/Lorena-Ortiz-150x150.jpg 150w, https:\/\/itfilmes.com.br\/mostrabetim1\/wp-content\/uploads\/sites\/7\/2024\/04\/Lorena-Ortiz-768x768.jpg 768w\" sizes=\"(max-width: 300px) 100vw, 300px\" \/><figcaption class=\"wp-element-caption\"><sub>Lorena Ortiz \/ foto divulga\u00e7\u00e3o<\/sub><\/figcaption><\/figure>\n<\/div>\n\n\n<h3 class=\"wp-block-heading\"><strong>Lorena Ortiz \u00e9 colombiana residente no Brasil desde 2008.<\/strong><\/h3>\n\n\n\n<p>Atualmente trabalha como montadora, diretora de arte, diretora assistente e consultora art\u00edstica de longas-metragens, curtas, s\u00e9ries e projetos cinematogr\u00e1ficos em geral.<\/p>\n\n\n\n<p>Entre as produ\u00e7\u00f5es, se destacam filmes premiados em diversos festivais nacionais e internacionais: \u201cElena\u201d de Petra Costa, pelo qual recebeu o pr\u00e9mio de Melhor dire\u00e7\u00e3o de arte no Festival de Bras\u00edlia do Cinema Brasileiro \u2013 (Brasil-DF), \u201cMy name is now: Elza Soares&#8221; de Elizabete Martins Campos, nominada como melhor montagem no Grande Pr\u00eamio do Cinema Brasileiro, onde o filme foi ganhador de melhor document\u00e1rio pelo j\u00fari popular e melhor trilha sonora, &#8220;Noites Alien\u00edgenas&#8221; ganhador de 5 kikitos no Festival de Gramado entre outros pr\u00eamios, e \u201cTudo o que voc\u00ea podia ser\u201d ganhador do pr\u00eamio do j\u00fari popular no Festival Mix Brasil em Sp, pr\u00eamio Felix no Festival de cinema do Rio, entre outros pr\u00eamios.<\/p>\n\n\n\n<p>Montadora das s\u00e9ries: \u201cTxai: no tempo da cultura\u201d da s\u00e9rie Nokun Txai, \u201cAlimentando a Alma\u201d, e trabalhos audiovisuais como \u201cAutodemarca\u00e7\u00e3o Nawa\u201d, Boi Carion (Mancio Lima-Ac), Marujada, que retratam diversos temas relacionados aos povos da floresta.<\/p>\n\n\n\n<p>Curadora e idealizadora do Festival Latinoamericano de Cortosmetrajes. Em Transe que teve sua primeira edi\u00e7\u00e3o em Buenos Aires \u2013 Argentina e aconteceu em 7 diferentes cidades da Am\u00e9rica Latina.<\/p>\n<\/div><\/div>\n","protected":false},"excerpt":{"rendered":"<p>A diversidade da produ\u00e7\u00e3o do cinema brasileiro, com novas abordagens, linguagens e representatividades presentes nos filmes selecionados <\/p>\n","protected":false},"author":1,"featured_media":1570,"comment_status":"closed","ping_status":"closed","sticky":false,"template":"","format":"standard","meta":{"footnotes":""},"categories":[1],"tags":[],"class_list":["post-1564","post","type-post","status-publish","format-standard","has-post-thumbnail","hentry","category-noticia"],"yoast_head":"<!-- This site is optimized with the Yoast SEO plugin v27.4 - https:\/\/yoast.com\/product\/yoast-seo-wordpress\/ -->\n<title>Curadoria de filmes 1\u00aa Mostra de Cinema de Betim - Mostra Betim - 2024<\/title>\n<meta name=\"description\" content=\"Mariana Tavares e Lorena Ortiz, diversidade da produ\u00e7\u00e3o do cinema brasileiro, novas abordagens, linguagens e representatividades presentes nos filmes selecionados.\" \/>\n<meta name=\"robots\" content=\"index, follow, max-snippet:-1, max-image-preview:large, max-video-preview:-1\" \/>\n<link rel=\"canonical\" href=\"https:\/\/itfilmes.com.br\/mostrabetim1\/curadoria-de-filmes\/\" \/>\n<meta property=\"og:locale\" content=\"pt_BR\" \/>\n<meta property=\"og:type\" content=\"article\" \/>\n<meta property=\"og:title\" content=\"Curadoria de filmes 1\u00aa Mostra de Cinema de Betim - Mostra Betim - 2024\" \/>\n<meta property=\"og:description\" content=\"Mariana Tavares e Lorena Ortiz, diversidade da produ\u00e7\u00e3o do cinema brasileiro, novas abordagens, linguagens e representatividades presentes nos filmes selecionados.\" \/>\n<meta property=\"og:url\" content=\"https:\/\/itfilmes.com.br\/mostrabetim1\/curadoria-de-filmes\/\" \/>\n<meta property=\"og:site_name\" content=\"Mostra Betim - 2024\" \/>\n<meta property=\"article:published_time\" content=\"2024-04-03T09:45:47+00:00\" \/>\n<meta property=\"article:modified_time\" content=\"2024-04-13T12:26:18+00:00\" \/>\n<meta property=\"og:image\" content=\"https:\/\/itfilmes.com.br\/mostrabetim1\/wp-content\/uploads\/sites\/7\/2024\/04\/Mariana-Tavares-credito_-Marcia-Charnizon.jpg\" \/>\n\t<meta property=\"og:image:width\" content=\"768\" \/>\n\t<meta property=\"og:image:height\" content=\"1024\" \/>\n\t<meta property=\"og:image:type\" content=\"image\/jpeg\" \/>\n<meta name=\"author\" content=\"AppIt\" \/>\n<meta name=\"twitter:card\" content=\"summary_large_image\" \/>\n<script type=\"application\/ld+json\" class=\"yoast-schema-graph\">{\"@context\":\"https:\\\/\\\/schema.org\",\"@graph\":[{\"@type\":\"Article\",\"@id\":\"https:\\\/\\\/itfilmes.com.br\\\/mostrabetim1\\\/curadoria-de-filmes\\\/#article\",\"isPartOf\":{\"@id\":\"https:\\\/\\\/itfilmes.com.br\\\/mostrabetim1\\\/curadoria-de-filmes\\\/\"},\"author\":{\"name\":\"AppIt\",\"@id\":\"https:\\\/\\\/itfilmes.com.br\\\/mostrabetim1\\\/#\\\/schema\\\/person\\\/60af4a433d6a61fe3ac7c3693efc30f8\"},\"headline\":\"Curadoria de filmes\",\"datePublished\":\"2024-04-03T09:45:47+00:00\",\"dateModified\":\"2024-04-13T12:26:18+00:00\",\"mainEntityOfPage\":{\"@id\":\"https:\\\/\\\/itfilmes.com.br\\\/mostrabetim1\\\/curadoria-de-filmes\\\/\"},\"wordCount\":351,\"publisher\":{\"@id\":\"https:\\\/\\\/itfilmes.com.br\\\/mostrabetim1\\\/#organization\"},\"image\":{\"@id\":\"https:\\\/\\\/itfilmes.com.br\\\/mostrabetim1\\\/curadoria-de-filmes\\\/#primaryimage\"},\"thumbnailUrl\":\"https:\\\/\\\/itfilmes.com.br\\\/mostrabetim1\\\/wp-content\\\/uploads\\\/sites\\\/7\\\/2024\\\/04\\\/Mariana-Tavares-credito_-Marcia-Charnizon.jpg\",\"articleSection\":[\"Not\u00edcia\"],\"inLanguage\":\"pt-BR\"},{\"@type\":\"WebPage\",\"@id\":\"https:\\\/\\\/itfilmes.com.br\\\/mostrabetim1\\\/curadoria-de-filmes\\\/\",\"url\":\"https:\\\/\\\/itfilmes.com.br\\\/mostrabetim1\\\/curadoria-de-filmes\\\/\",\"name\":\"Curadoria de filmes 1\u00aa Mostra de Cinema de Betim - Mostra Betim - 2024\",\"isPartOf\":{\"@id\":\"https:\\\/\\\/itfilmes.com.br\\\/mostrabetim1\\\/#website\"},\"primaryImageOfPage\":{\"@id\":\"https:\\\/\\\/itfilmes.com.br\\\/mostrabetim1\\\/curadoria-de-filmes\\\/#primaryimage\"},\"image\":{\"@id\":\"https:\\\/\\\/itfilmes.com.br\\\/mostrabetim1\\\/curadoria-de-filmes\\\/#primaryimage\"},\"thumbnailUrl\":\"https:\\\/\\\/itfilmes.com.br\\\/mostrabetim1\\\/wp-content\\\/uploads\\\/sites\\\/7\\\/2024\\\/04\\\/Mariana-Tavares-credito_-Marcia-Charnizon.jpg\",\"datePublished\":\"2024-04-03T09:45:47+00:00\",\"dateModified\":\"2024-04-13T12:26:18+00:00\",\"description\":\"Mariana Tavares e Lorena Ortiz, diversidade da produ\u00e7\u00e3o do cinema brasileiro, novas abordagens, linguagens e representatividades presentes nos filmes selecionados.\",\"breadcrumb\":{\"@id\":\"https:\\\/\\\/itfilmes.com.br\\\/mostrabetim1\\\/curadoria-de-filmes\\\/#breadcrumb\"},\"inLanguage\":\"pt-BR\",\"potentialAction\":[{\"@type\":\"ReadAction\",\"target\":[\"https:\\\/\\\/itfilmes.com.br\\\/mostrabetim1\\\/curadoria-de-filmes\\\/\"]}]},{\"@type\":\"ImageObject\",\"inLanguage\":\"pt-BR\",\"@id\":\"https:\\\/\\\/itfilmes.com.br\\\/mostrabetim1\\\/curadoria-de-filmes\\\/#primaryimage\",\"url\":\"https:\\\/\\\/itfilmes.com.br\\\/mostrabetim1\\\/wp-content\\\/uploads\\\/sites\\\/7\\\/2024\\\/04\\\/Mariana-Tavares-credito_-Marcia-Charnizon.jpg\",\"contentUrl\":\"https:\\\/\\\/itfilmes.com.br\\\/mostrabetim1\\\/wp-content\\\/uploads\\\/sites\\\/7\\\/2024\\\/04\\\/Mariana-Tavares-credito_-Marcia-Charnizon.jpg\",\"width\":768,\"height\":1024},{\"@type\":\"BreadcrumbList\",\"@id\":\"https:\\\/\\\/itfilmes.com.br\\\/mostrabetim1\\\/curadoria-de-filmes\\\/#breadcrumb\",\"itemListElement\":[{\"@type\":\"ListItem\",\"position\":1,\"name\":\"In\u00edcio\",\"item\":\"https:\\\/\\\/itfilmes.com.br\\\/mostrabetim1\\\/\"},{\"@type\":\"ListItem\",\"position\":2,\"name\":\"Curadoria de filmes\"}]},{\"@type\":\"WebSite\",\"@id\":\"https:\\\/\\\/itfilmes.com.br\\\/mostrabetim1\\\/#website\",\"url\":\"https:\\\/\\\/itfilmes.com.br\\\/mostrabetim1\\\/\",\"name\":\"Mostra Betim - IT Filmes\",\"description\":\"Cinema pra todos\",\"publisher\":{\"@id\":\"https:\\\/\\\/itfilmes.com.br\\\/mostrabetim1\\\/#organization\"},\"alternateName\":\"Mostra Betim - IT Filmes\",\"potentialAction\":[{\"@type\":\"SearchAction\",\"target\":{\"@type\":\"EntryPoint\",\"urlTemplate\":\"https:\\\/\\\/itfilmes.com.br\\\/mostrabetim1\\\/?s={search_term_string}\"},\"query-input\":{\"@type\":\"PropertyValueSpecification\",\"valueRequired\":true,\"valueName\":\"search_term_string\"}}],\"inLanguage\":\"pt-BR\"},{\"@type\":\"Organization\",\"@id\":\"https:\\\/\\\/itfilmes.com.br\\\/mostrabetim1\\\/#organization\",\"name\":\"Mostra Betim - IT Filmes\",\"url\":\"https:\\\/\\\/itfilmes.com.br\\\/mostrabetim1\\\/\",\"logo\":{\"@type\":\"ImageObject\",\"inLanguage\":\"pt-BR\",\"@id\":\"https:\\\/\\\/itfilmes.com.br\\\/mostrabetim1\\\/#\\\/schema\\\/logo\\\/image\\\/\",\"url\":\"https:\\\/\\\/itfilmes.com.br\\\/mostrabetim1\\\/wp-content\\\/uploads\\\/sites\\\/7\\\/2024\\\/03\\\/mostra-betim-logo@2x.png\",\"contentUrl\":\"https:\\\/\\\/itfilmes.com.br\\\/mostrabetim1\\\/wp-content\\\/uploads\\\/sites\\\/7\\\/2024\\\/03\\\/mostra-betim-logo@2x.png\",\"width\":908,\"height\":235,\"caption\":\"Mostra Betim - IT Filmes\"},\"image\":{\"@id\":\"https:\\\/\\\/itfilmes.com.br\\\/mostrabetim1\\\/#\\\/schema\\\/logo\\\/image\\\/\"}},{\"@type\":\"Person\",\"@id\":\"https:\\\/\\\/itfilmes.com.br\\\/mostrabetim1\\\/#\\\/schema\\\/person\\\/60af4a433d6a61fe3ac7c3693efc30f8\",\"name\":\"AppIt\",\"image\":{\"@type\":\"ImageObject\",\"inLanguage\":\"pt-BR\",\"@id\":\"https:\\\/\\\/secure.gravatar.com\\\/avatar\\\/0530b27294ab1302f008a9b0e92ff62ac09306ead56aa56b279ba1a0b3cb4aeb?s=96&d=mm&r=g\",\"url\":\"https:\\\/\\\/secure.gravatar.com\\\/avatar\\\/0530b27294ab1302f008a9b0e92ff62ac09306ead56aa56b279ba1a0b3cb4aeb?s=96&d=mm&r=g\",\"contentUrl\":\"https:\\\/\\\/secure.gravatar.com\\\/avatar\\\/0530b27294ab1302f008a9b0e92ff62ac09306ead56aa56b279ba1a0b3cb4aeb?s=96&d=mm&r=g\",\"caption\":\"AppIt\"},\"sameAs\":[\"https:\\\/\\\/itfilmes.com.br\"]}]}<\/script>\n<!-- \/ Yoast SEO plugin. -->","yoast_head_json":{"title":"Curadoria de filmes 1\u00aa Mostra de Cinema de Betim - Mostra Betim - 2024","description":"Mariana Tavares e Lorena Ortiz, diversidade da produ\u00e7\u00e3o do cinema brasileiro, novas abordagens, linguagens e representatividades presentes nos filmes selecionados.","robots":{"index":"index","follow":"follow","max-snippet":"max-snippet:-1","max-image-preview":"max-image-preview:large","max-video-preview":"max-video-preview:-1"},"canonical":"https:\/\/itfilmes.com.br\/mostrabetim1\/curadoria-de-filmes\/","og_locale":"pt_BR","og_type":"article","og_title":"Curadoria de filmes 1\u00aa Mostra de Cinema de Betim - Mostra Betim - 2024","og_description":"Mariana Tavares e Lorena Ortiz, diversidade da produ\u00e7\u00e3o do cinema brasileiro, novas abordagens, linguagens e representatividades presentes nos filmes selecionados.","og_url":"https:\/\/itfilmes.com.br\/mostrabetim1\/curadoria-de-filmes\/","og_site_name":"Mostra Betim - 2024","article_published_time":"2024-04-03T09:45:47+00:00","article_modified_time":"2024-04-13T12:26:18+00:00","og_image":[{"width":768,"height":1024,"url":"https:\/\/itfilmes.com.br\/mostrabetim1\/wp-content\/uploads\/sites\/7\/2024\/04\/Mariana-Tavares-credito_-Marcia-Charnizon.jpg","type":"image\/jpeg"}],"author":"AppIt","twitter_card":"summary_large_image","schema":{"@context":"https:\/\/schema.org","@graph":[{"@type":"Article","@id":"https:\/\/itfilmes.com.br\/mostrabetim1\/curadoria-de-filmes\/#article","isPartOf":{"@id":"https:\/\/itfilmes.com.br\/mostrabetim1\/curadoria-de-filmes\/"},"author":{"name":"AppIt","@id":"https:\/\/itfilmes.com.br\/mostrabetim1\/#\/schema\/person\/60af4a433d6a61fe3ac7c3693efc30f8"},"headline":"Curadoria de filmes","datePublished":"2024-04-03T09:45:47+00:00","dateModified":"2024-04-13T12:26:18+00:00","mainEntityOfPage":{"@id":"https:\/\/itfilmes.com.br\/mostrabetim1\/curadoria-de-filmes\/"},"wordCount":351,"publisher":{"@id":"https:\/\/itfilmes.com.br\/mostrabetim1\/#organization"},"image":{"@id":"https:\/\/itfilmes.com.br\/mostrabetim1\/curadoria-de-filmes\/#primaryimage"},"thumbnailUrl":"https:\/\/itfilmes.com.br\/mostrabetim1\/wp-content\/uploads\/sites\/7\/2024\/04\/Mariana-Tavares-credito_-Marcia-Charnizon.jpg","articleSection":["Not\u00edcia"],"inLanguage":"pt-BR"},{"@type":"WebPage","@id":"https:\/\/itfilmes.com.br\/mostrabetim1\/curadoria-de-filmes\/","url":"https:\/\/itfilmes.com.br\/mostrabetim1\/curadoria-de-filmes\/","name":"Curadoria de filmes 1\u00aa Mostra de Cinema de Betim - Mostra Betim - 2024","isPartOf":{"@id":"https:\/\/itfilmes.com.br\/mostrabetim1\/#website"},"primaryImageOfPage":{"@id":"https:\/\/itfilmes.com.br\/mostrabetim1\/curadoria-de-filmes\/#primaryimage"},"image":{"@id":"https:\/\/itfilmes.com.br\/mostrabetim1\/curadoria-de-filmes\/#primaryimage"},"thumbnailUrl":"https:\/\/itfilmes.com.br\/mostrabetim1\/wp-content\/uploads\/sites\/7\/2024\/04\/Mariana-Tavares-credito_-Marcia-Charnizon.jpg","datePublished":"2024-04-03T09:45:47+00:00","dateModified":"2024-04-13T12:26:18+00:00","description":"Mariana Tavares e Lorena Ortiz, diversidade da produ\u00e7\u00e3o do cinema brasileiro, novas abordagens, linguagens e representatividades presentes nos filmes selecionados.","breadcrumb":{"@id":"https:\/\/itfilmes.com.br\/mostrabetim1\/curadoria-de-filmes\/#breadcrumb"},"inLanguage":"pt-BR","potentialAction":[{"@type":"ReadAction","target":["https:\/\/itfilmes.com.br\/mostrabetim1\/curadoria-de-filmes\/"]}]},{"@type":"ImageObject","inLanguage":"pt-BR","@id":"https:\/\/itfilmes.com.br\/mostrabetim1\/curadoria-de-filmes\/#primaryimage","url":"https:\/\/itfilmes.com.br\/mostrabetim1\/wp-content\/uploads\/sites\/7\/2024\/04\/Mariana-Tavares-credito_-Marcia-Charnizon.jpg","contentUrl":"https:\/\/itfilmes.com.br\/mostrabetim1\/wp-content\/uploads\/sites\/7\/2024\/04\/Mariana-Tavares-credito_-Marcia-Charnizon.jpg","width":768,"height":1024},{"@type":"BreadcrumbList","@id":"https:\/\/itfilmes.com.br\/mostrabetim1\/curadoria-de-filmes\/#breadcrumb","itemListElement":[{"@type":"ListItem","position":1,"name":"In\u00edcio","item":"https:\/\/itfilmes.com.br\/mostrabetim1\/"},{"@type":"ListItem","position":2,"name":"Curadoria de filmes"}]},{"@type":"WebSite","@id":"https:\/\/itfilmes.com.br\/mostrabetim1\/#website","url":"https:\/\/itfilmes.com.br\/mostrabetim1\/","name":"Mostra Betim - IT Filmes","description":"Cinema pra todos","publisher":{"@id":"https:\/\/itfilmes.com.br\/mostrabetim1\/#organization"},"alternateName":"Mostra Betim - IT Filmes","potentialAction":[{"@type":"SearchAction","target":{"@type":"EntryPoint","urlTemplate":"https:\/\/itfilmes.com.br\/mostrabetim1\/?s={search_term_string}"},"query-input":{"@type":"PropertyValueSpecification","valueRequired":true,"valueName":"search_term_string"}}],"inLanguage":"pt-BR"},{"@type":"Organization","@id":"https:\/\/itfilmes.com.br\/mostrabetim1\/#organization","name":"Mostra Betim - IT Filmes","url":"https:\/\/itfilmes.com.br\/mostrabetim1\/","logo":{"@type":"ImageObject","inLanguage":"pt-BR","@id":"https:\/\/itfilmes.com.br\/mostrabetim1\/#\/schema\/logo\/image\/","url":"https:\/\/itfilmes.com.br\/mostrabetim1\/wp-content\/uploads\/sites\/7\/2024\/03\/mostra-betim-logo@2x.png","contentUrl":"https:\/\/itfilmes.com.br\/mostrabetim1\/wp-content\/uploads\/sites\/7\/2024\/03\/mostra-betim-logo@2x.png","width":908,"height":235,"caption":"Mostra Betim - IT Filmes"},"image":{"@id":"https:\/\/itfilmes.com.br\/mostrabetim1\/#\/schema\/logo\/image\/"}},{"@type":"Person","@id":"https:\/\/itfilmes.com.br\/mostrabetim1\/#\/schema\/person\/60af4a433d6a61fe3ac7c3693efc30f8","name":"AppIt","image":{"@type":"ImageObject","inLanguage":"pt-BR","@id":"https:\/\/secure.gravatar.com\/avatar\/0530b27294ab1302f008a9b0e92ff62ac09306ead56aa56b279ba1a0b3cb4aeb?s=96&d=mm&r=g","url":"https:\/\/secure.gravatar.com\/avatar\/0530b27294ab1302f008a9b0e92ff62ac09306ead56aa56b279ba1a0b3cb4aeb?s=96&d=mm&r=g","contentUrl":"https:\/\/secure.gravatar.com\/avatar\/0530b27294ab1302f008a9b0e92ff62ac09306ead56aa56b279ba1a0b3cb4aeb?s=96&d=mm&r=g","caption":"AppIt"},"sameAs":["https:\/\/itfilmes.com.br"]}]}},"_links":{"self":[{"href":"https:\/\/itfilmes.com.br\/mostrabetim1\/wp-json\/wp\/v2\/posts\/1564","targetHints":{"allow":["GET"]}}],"collection":[{"href":"https:\/\/itfilmes.com.br\/mostrabetim1\/wp-json\/wp\/v2\/posts"}],"about":[{"href":"https:\/\/itfilmes.com.br\/mostrabetim1\/wp-json\/wp\/v2\/types\/post"}],"author":[{"embeddable":true,"href":"https:\/\/itfilmes.com.br\/mostrabetim1\/wp-json\/wp\/v2\/users\/1"}],"replies":[{"embeddable":true,"href":"https:\/\/itfilmes.com.br\/mostrabetim1\/wp-json\/wp\/v2\/comments?post=1564"}],"version-history":[{"count":0,"href":"https:\/\/itfilmes.com.br\/mostrabetim1\/wp-json\/wp\/v2\/posts\/1564\/revisions"}],"wp:featuredmedia":[{"embeddable":true,"href":"https:\/\/itfilmes.com.br\/mostrabetim1\/wp-json\/wp\/v2\/media\/1570"}],"wp:attachment":[{"href":"https:\/\/itfilmes.com.br\/mostrabetim1\/wp-json\/wp\/v2\/media?parent=1564"}],"wp:term":[{"taxonomy":"category","embeddable":true,"href":"https:\/\/itfilmes.com.br\/mostrabetim1\/wp-json\/wp\/v2\/categories?post=1564"},{"taxonomy":"post_tag","embeddable":true,"href":"https:\/\/itfilmes.com.br\/mostrabetim1\/wp-json\/wp\/v2\/tags?post=1564"}],"curies":[{"name":"wp","href":"https:\/\/api.w.org\/{rel}","templated":true}]}}