{"id":1882,"date":"2024-04-04T07:17:02","date_gmt":"2024-04-04T10:17:02","guid":{"rendered":"https:\/\/itfilmes.com.br\/mostrabetim1\/?p=1882"},"modified":"2024-04-13T09:25:10","modified_gmt":"2024-04-13T12:25:10","slug":"1a-mostra-de-betim-celebra-a-magia-do-cinema","status":"publish","type":"post","link":"https:\/\/itfilmes.com.br\/mostrabetim1\/1a-mostra-de-betim-celebra-a-magia-do-cinema\/","title":{"rendered":"1\u00aa Mostra de Betim celebra a magia do cinema"},"content":{"rendered":"\n<h2 class=\"wp-block-heading\">Programa\u00e7\u00e3o inclusiva e 100% gratuita conta com exibi\u00e7\u00f5es de filmes, oficinas, semin\u00e1rio, lan\u00e7amento de document\u00e1rio sobre Betim e exposi\u00e7\u00e3o de fotos em espa\u00e7os pela cidade&nbsp;<\/h2>\n\n\n\n<p>Betim est\u00e1 prestes a se transformar na capital do cinema brasileiro. De 07 a 12 de maio, a cidade \u00e9 cen\u00e1rio da <strong>1\u00aa MOSTRA DE CINEMA DE BETIM<\/strong>, um evento que promete o melhor do cinema nacional e local, com exibi\u00e7\u00f5es em salas de cinema do Grupo Cineart, e uma vers\u00e3o itinerante que percorre diversos espa\u00e7os, nas dez regionais da cidade.&nbsp;<\/p>\n\n\n\n<figure class=\"wp-block-image size-large is-style-default\"><img fetchpriority=\"high\" decoding=\"async\" width=\"1024\" height=\"1024\" src=\"https:\/\/itfilmes.com.br\/mostrabetim1\/wp-content\/uploads\/sites\/7\/2024\/04\/mostrabetim-1-1x1-1-1024x1024.png\" alt=\"Mostra Betim\" class=\"wp-image-1884\" srcset=\"https:\/\/itfilmes.com.br\/mostrabetim1\/wp-content\/uploads\/sites\/7\/2024\/04\/mostrabetim-1-1x1-1-1024x1024.png 1024w, https:\/\/itfilmes.com.br\/mostrabetim1\/wp-content\/uploads\/sites\/7\/2024\/04\/mostrabetim-1-1x1-1-300x300.png 300w, https:\/\/itfilmes.com.br\/mostrabetim1\/wp-content\/uploads\/sites\/7\/2024\/04\/mostrabetim-1-1x1-1-150x150.png 150w, https:\/\/itfilmes.com.br\/mostrabetim1\/wp-content\/uploads\/sites\/7\/2024\/04\/mostrabetim-1-1x1-1-768x768.png 768w, https:\/\/itfilmes.com.br\/mostrabetim1\/wp-content\/uploads\/sites\/7\/2024\/04\/mostrabetim-1-1x1-1-1536x1536.png 1536w, https:\/\/itfilmes.com.br\/mostrabetim1\/wp-content\/uploads\/sites\/7\/2024\/04\/mostrabetim-1-1x1-1-2048x2048.png 2048w, https:\/\/itfilmes.com.br\/mostrabetim1\/wp-content\/uploads\/sites\/7\/2024\/04\/mostrabetim-1-1x1-1-200x200.png 200w\" sizes=\"(max-width: 1024px) 100vw, 1024px\" \/><\/figure>\n\n\n\n<p>Segundo a cineasta e&nbsp; jornalista Elizabete Martins Campos, idealizadora da Mostra, est\u00e3o sendo selecionados&nbsp; filmes, por uma curadoria, que refletem a riqueza e a diversidade do cinema brasileiro contempor\u00e2neo. \u201cApresentaremos ao p\u00fablico betinense Obras realizadas por cineastas independentes, de diferentes regi\u00f5es do Pa\u00eds, abrangendo uma ampla gama de linguagens cinematogr\u00e1ficas, culturais e est\u00e9ticas\u201d, adianta.&nbsp;<\/p>\n\n\n\n<p>Desde fic\u00e7\u00e3o e anima\u00e7\u00f5es cativantes at\u00e9 document\u00e1rios impactantes, cada filme oferecer\u00e1 uma vis\u00e3o \u00fanica e envolvente da cultura de nossa sociedade. \u201cCom mais de 24 filmes a serem programados, incluindo curtas, m\u00e9dias e longas-metragens, a Mostra promete uma experi\u00eancia cinematogr\u00e1fica memor\u00e1vel para todos os amantes do cinema&#8221;, completa.&nbsp;<\/p>\n\n\n\n<p>Al\u00e9m da Mostra Nacional, o evento in\u00e9dito no munic\u00edpio da Regi\u00e3o metropolitana de Belo Horizonte (RMBH), conta ainda com atra\u00e7\u00f5es que prometem trazer o clima da s\u00e9tima arte para a popula\u00e7\u00e3o nas dez regionais da cidade.<\/p>\n\n\n\n<p>\u201cPara garantir a democratiza\u00e7\u00e3o e magia do cinema para a popula\u00e7\u00e3o local, a MOSTRA acontecer\u00e1 integralmente no Munic\u00edpio de Betim, com todas as\u00a0 atividades gratuitas em salas de cinema profissional e, em diferentes espa\u00e7os da cidade, sendo os locais dotados de condi\u00e7\u00f5es de acessibilidade, o que permitir\u00e1 o acesso facilitado aos portadores de necessidades f\u00edsicas e motoras, bem como crian\u00e7as e idosos. Tamb\u00e9m acontecer\u00e3o sess\u00f5es de filmes com acessibilidade, bem como transmiss\u00f5es ao vivo pela internet de atividades.<\/p>\n\n\n\n<h3 class=\"wp-block-heading\">Talentos locais em destaque&nbsp;<\/h3>\n\n\n\n<p>A <strong>&#8220;MOSTRA BETIM&#8221;, <\/strong>com programa\u00e7\u00e3o de filmes locais, \u00e9 um atrativo importante do evento. Assim como Elizabete Martins Campos, diretora do premiado longa &#8220;My Name is Now, Elza Soares&#8221;, outros cineastas da cidade produziram grandes Obras, que merecem destaque, portanto a <strong>1\u00aa MOSTRA DE CINEMA DE BETIM<\/strong> ter\u00e1 uma programa\u00e7\u00e3o especial para que a popula\u00e7\u00e3o conhe\u00e7a o talento desses profissionais do audiovisual municipal.<\/p>\n\n\n\n<p>\u201cA <strong>1\u00aa MOSTRA DE CINEMA DE BETIM<\/strong> \u00e9 uma oportunidade n\u00e3o apenas de celebrar os talentos locais, mas tamb\u00e9m de dar voz e visibilidade \u00e0s suas hist\u00f3rias e perspectivas \u00fanicas. \u00c9 hora de mostrarmos ao mundo o brilho dos nossos cineastas e o potencial criativo da nossa comunidade. Mal posso esperar para ver o orgulho estampado no rosto destes artistas quando suas obras ganharem destaque na tela grande, em alto e bom som,&#8221; comenta Elizabete.<\/p>\n\n\n\n<h3 class=\"wp-block-heading\">Celebra\u00e7\u00e3o da cidade&nbsp;<\/h3>\n\n\n\n<p>O document\u00e1rio in\u00e9dito <strong>&#8220;BETIM VIVA&#8221;, <\/strong>que vem sendo rodado nos \u00faltimos tr\u00eas anos, ser\u00e1 lan\u00e7ado oficialmente durante a MOSTRA. N\u00e3o apenas para enriquecer o evento, mas tamb\u00e9m para ser uma homenagem \u00e0&nbsp; hist\u00f3ria e \u00e0 diversidade cultural da cidade, que completou 85 anos em 2023. O document\u00e1rio pesquisa, registra e divulga, por meio de entrevistas com antigos e novos moradores da cidade, historiadores, pesquisadores e profissionais das \u00e1reas culturais, ambientais, a documenta\u00e7\u00e3o da fauna, flora, recursos h\u00eddricos, paisagens, tradi\u00e7\u00f5es, costumes, oralidades, riquezas humanas, culturais e art\u00edsticas da cidade.<\/p>\n\n\n\n<p>Em paralelo, uma <strong>EXPOSI\u00c7\u00c3O DE FOTOS, <\/strong>gratuita, com as imagens do filme sobre Betim estar\u00e1 dispon\u00edvel \u00e0 visita\u00e7\u00e3o de 8 a 31 de maio, no Museu Paulo Ara\u00fajo Gontijo, no centro da cidade.<\/p>\n\n\n\n<h3 class=\"wp-block-heading\">Capacita\u00e7\u00e3o e forma\u00e7\u00e3o<\/h3>\n\n\n\n<p>A oficina de <strong>ROTEIRO CINEMATOGR\u00c1FICO PARA INICIANTES<\/strong> foi pensada para capacitar os participantes, com ou sem experi\u00eancia pr\u00e9via, mirando descobrir novos talentos e despertar o interesse pelo cinema como express\u00e3o art\u00edstica e tamb\u00e9m profissional. As inscri\u00e7\u00f5es j\u00e1 est\u00e3o abertas e podem ser feitas pelo site oficial da Mostra.&nbsp;<\/p>\n\n\n\n<p>A Mostra contar\u00e1 ainda com a oficina&nbsp; <strong>&#8220;INTRODU\u00c7\u00c3O AO DESENVOLVIMENTO DE JOGOS ELETR\u00d4NICOS PARA INICIANTES&#8221;<\/strong>, cujo p\u00fablico ser\u00e1 dos jovens atendidos pelo Instituto Ramacrisna em sua sede no bairro Santo Afonso. As vagas j\u00e1 foram preenchidas para essa atividade.&nbsp;<\/p>\n\n\n\n<h3 class=\"wp-block-heading\">Di\u00e1logo aberto<\/h3>\n\n\n\n<p>O <strong>semin\u00e1rio &#8211; Betim cidade criativa &#8211; estrat\u00e9gias para o desenvolvimento do audiovisual local <\/strong>&nbsp;ser\u00e1 o espa\u00e7o para o debate sobre as&nbsp; estrat\u00e9gias de crescimento do setor audiovisual. Profissionais experientes estar\u00e3o reunidos para compartilhar conhecimentos e explorar novas dire\u00e7\u00f5es para o desenvolvimento cultural e econ\u00f4mico da regi\u00e3o por meio do cinema.&nbsp;<\/p>\n\n\n\n<p>A <strong>1\u00aa MOSTRA DE CINEMA DE BETIM<\/strong> \u00e9 patrocinada pelo Grupo Sada, por meio da Lei Estadual de Incentivo \u00e0 Cultura de Minas Gerais. Apoio do Grupo Cineart, Prefeitura Municipal de Betim e Instituto Ramacrisna. Realiza\u00e7\u00e3o iT Filmes e Governo de Minas Gerais \u2014<em> Governo diferente, Estado Eficiente.<\/em><\/p>\n\n\n\n<h3 class=\"wp-block-heading\">Idealiza\u00e7\u00e3o<\/h3>\n\n\n\n<p><strong>Elizabete Martins Campos, idealizadora e realizadora da Mostra de Cinema de Betim, \u00e9 roteirista, diretora e produtora cinematogr\u00e1fica e de TV, nascida\u00a0 em Conselheiro Pena, Minas Gerais, chegou em Betim com 4 anos de idade.\u00a0 Formada em jornalismo, em 2002,\u00a0 pelo UNI-BH, estudou cinema expandido e montagem, em disciplinas de cinema da Faculdade de Belas Artes,\u00a0 da Universidade Federal de Minas Gerais (UFMG). \u00c9 Membra da Academia Brasileira de Cinema (ABC) e do Sindicato dos Jornalista Profissionais de Minas Gerais.<\/strong>\u00a0<\/p>\n\n\n\n<figure class=\"wp-block-image size-large\"><img decoding=\"async\" width=\"1024\" height=\"960\" src=\"https:\/\/itfilmes.com.br\/mostrabetim1\/wp-content\/uploads\/sites\/7\/2024\/04\/Elizabete-MC-Fotografia-Leliane-de-Castro-1024x960.jpg\" alt=\"Elizabete Martins Campos\n\nFotografia: Leliane de Castro\" class=\"wp-image-2045\"\/><figcaption class=\"wp-element-caption\"><sub>Elizabete Martins Campos \/ Divulga\u00e7\u00e3o \/ Fotografia: Leliane de Castro<\/sub><\/figcaption><\/figure>\n\n\n\n<p>Trabalhou como documentarista no CRAV (Centro Audiovisual de Belo Horizonte) atual MIS (Museu da Imagem e do Som de Belo Horizonte).&nbsp; Foi rep\u00f3rter, produtora e videoreporter no Programa Agenda &#8211; na TV Rede Minas.&nbsp; Em&nbsp; 2009, funda a IT Filmes, Comunica\u00e7\u00e3o e Entretenimento, registrada na ANCINE, como produtora independente, distribuidora e exibidora brasileira e, que em 2024 completa 15 anos.<\/p>\n\n\n\n<p>Roteirizou, dirigiu e produziu os filmes: \u201cMy Name is Now, Elza Soares\u201d, vencedor do Grande Pr\u00eamio do Cinema Nacional, categorias Melhor Filme de Longa-Metragem Document\u00e1rio &#8211; J\u00fari Popular e Melhor Trilha Sonora Original &#8211; J\u00fari Oficial, al\u00e9m de curtas e m\u00e9dias-metragens, entre eles \u201cVale do Barro\u201d, \u201cFeira Hippie\u201d, \u201cMulheres em Movimento\u201d, \u201cIn e\/ou Out\u2019, \u201cDona do Ter\u00e7o\u201d,&nbsp; \u201cFilhos Separados pela Injusti\u00e7a&#8221;, \u201cElis Regina, na Parede da Mem\u00f3ria\u201c,&nbsp; \u201cA Criatura Sou eu Ontem\u201c, \u201cQue Coso\u201d. Atualmente, vem desenvolvendo o document\u00e1rio &#8220;Maria Alcina, Alegria Brasil&#8221;, em parceria com o Polo Audiovisual da Zona da Mata e&nbsp; a sua primeira fic\u00e7\u00e3o, &#8220;A Casa de Aurora&#8221;.&nbsp;<\/p>\n\n\n\n<p>Em 2017 cria o&nbsp; projeto Circulabit &#8211; Circuito Itinerante, Interativo, laboratorial de Cria\u00e7\u00e3o e difus\u00e3o audiovisual em multiplataformas, que lan\u00e7ou e distribuiu o longa-metragem \u201cMy Name is Now, Elza Soares\u201d, em salas de cinema, TVs abertas e fechadas e diversas plataformas de streaming, depois de ter passado por diversos Festivais e Mostra Nacionais e Internacionais, com premia\u00e7\u00f5es e expressiva m\u00eddia espont\u00e2nea nos principais jornais do Brasil e Portugal e circula\u00e7\u00e3o expressiva em circuito gratuito em parceria com cineclubes, universidade.<\/p>\n\n\n\n<p>A cineasta tem participado de importantes eventos da ind\u00fastria criativa, com destaque para o \u201cRio Market \u2013 2014\u201d, \u201cInd\u00fastria y Mercado &#8211; FICG30 M\u00e9xico, 2015\u201d, \u201cExpo Max,&nbsp; Minas Gerais, 2017 e 2019\u201d,&nbsp; <strong>2\u00b0<\/strong> F\u00f3rum Audiovisual Fran\u00e7a-Brasil &#8211; Festival du Cin\u00e9ma Br\u00e9silien de Paris e&nbsp; Oficina de Formata\u00e7\u00e3o de Projetos Audiovisuais \u2013 Prodav\/ANCINE, 2016, realizada pela ANCINE em parceria com a REDE MINAS.&nbsp;<\/p>\n\n\n\n<p>Produziu, entre 2009 e 2010 a \u201cMostra Udigrudi Mundial de Anima\u00e7\u00e3o\u201d, em Betim, MG, entre 2009 e 2011, em parceria com a Leite Filmes.<\/p>\n\n\n\n<p>Atua junto \u00e0 comunidade, desde 1979, quando acompanhou, junto \u00e0 sua m\u00e3e, Maria Aparecida Campos, a funda\u00e7\u00e3o da Creche Comunit\u00e1ria Sorriso de Uma Crian\u00e7a, em Betim, Minas Gerais, onde fica a sede da IT Filmes.<\/p>\n\n\n\n<div style=\"height:20px\" aria-hidden=\"true\" class=\"wp-block-spacer\"><\/div>\n\n\n\n<hr class=\"wp-block-separator has-text-color has-pale-pink-color has-alpha-channel-opacity has-pale-pink-background-color has-background is-style-default\"\/>\n\n\n\n<p><strong><em>SERVI\u00c7O<\/em><\/strong><\/p>\n\n\n\n<p>1\u00aa Mostra de Cinema de Betim<br>De 07 a 12 de maio de 2024<br>Onde: Cineart Betim e diversos espa\u00e7os pela cidade<br>Inscri\u00e7\u00f5es e informa\u00e7\u00f5es:<a href=\"http:\/\/www.xxxxxxxxxx.com.br\/\"> <\/a><a href=\"http:\/\/www.mostrabetim.com.br\">www.mostrabetim.com.br<\/a><br>Contato imprensa: M\u00e1rcio Antunes &#8211; (31) 99102.1567<\/p>\n","protected":false},"excerpt":{"rendered":"<p>Programa\u00e7\u00e3o inclusiva e 100% gratuita conta com exibi\u00e7\u00f5es de filmes, oficinas, semin\u00e1rio, lan\u00e7amento de document\u00e1rio sobre Betim e exposi\u00e7\u00e3o de fotos em espa\u00e7os pela cidade\u00a0<\/p>\n","protected":false},"author":1,"featured_media":2045,"comment_status":"closed","ping_status":"closed","sticky":false,"template":"","format":"standard","meta":{"footnotes":""},"categories":[18],"tags":[],"class_list":["post-1882","post","type-post","status-publish","format-standard","has-post-thumbnail","hentry","category-release"],"yoast_head":"<!-- This site is optimized with the Yoast SEO plugin v27.4 - https:\/\/yoast.com\/product\/yoast-seo-wordpress\/ -->\n<title>1\u00aa Mostra de Betim celebra a magia do cinema - Mostra Betim - 2024<\/title>\n<meta name=\"description\" content=\"Programa\u00e7\u00e3o inclusiva e 100% gratuita. Filmes nacionais, oficinas, semin\u00e1rio, lan\u00e7amento de document\u00e1rio sobre Betim e exposi\u00e7\u00e3o de fotos em espa\u00e7os pela cidade\u00a0\" \/>\n<meta name=\"robots\" content=\"index, follow, max-snippet:-1, max-image-preview:large, max-video-preview:-1\" \/>\n<link rel=\"canonical\" href=\"https:\/\/itfilmes.com.br\/mostrabetim1\/1a-mostra-de-betim-celebra-a-magia-do-cinema\/\" \/>\n<meta property=\"og:locale\" content=\"pt_BR\" \/>\n<meta property=\"og:type\" content=\"article\" \/>\n<meta property=\"og:title\" content=\"1\u00aa Mostra de Betim celebra a magia do cinema - Mostra Betim - 2024\" \/>\n<meta property=\"og:description\" content=\"Programa\u00e7\u00e3o inclusiva e 100% gratuita. Filmes nacionais, oficinas, semin\u00e1rio, lan\u00e7amento de document\u00e1rio sobre Betim e exposi\u00e7\u00e3o de fotos em espa\u00e7os pela cidade\u00a0\" \/>\n<meta property=\"og:url\" content=\"https:\/\/itfilmes.com.br\/mostrabetim1\/1a-mostra-de-betim-celebra-a-magia-do-cinema\/\" \/>\n<meta property=\"og:site_name\" content=\"Mostra Betim - 2024\" \/>\n<meta property=\"article:published_time\" content=\"2024-04-04T10:17:02+00:00\" \/>\n<meta property=\"article:modified_time\" content=\"2024-04-13T12:25:10+00:00\" \/>\n<meta property=\"og:image\" content=\"https:\/\/itfilmes.com.br\/mostrabetim1\/wp-content\/uploads\/sites\/7\/2024\/04\/Elizabete-MC-Fotografia-Leliane-de-Castro.jpg\" \/>\n\t<meta property=\"og:image:width\" content=\"1280\" \/>\n\t<meta property=\"og:image:height\" content=\"960\" \/>\n\t<meta property=\"og:image:type\" content=\"image\/jpeg\" \/>\n<meta name=\"author\" content=\"AppIt\" \/>\n<meta name=\"twitter:card\" content=\"summary_large_image\" \/>\n<script type=\"application\/ld+json\" class=\"yoast-schema-graph\">{\"@context\":\"https:\\\/\\\/schema.org\",\"@graph\":[{\"@type\":\"Article\",\"@id\":\"https:\\\/\\\/itfilmes.com.br\\\/mostrabetim1\\\/1a-mostra-de-betim-celebra-a-magia-do-cinema\\\/#article\",\"isPartOf\":{\"@id\":\"https:\\\/\\\/itfilmes.com.br\\\/mostrabetim1\\\/1a-mostra-de-betim-celebra-a-magia-do-cinema\\\/\"},\"author\":{\"name\":\"AppIt\",\"@id\":\"https:\\\/\\\/itfilmes.com.br\\\/mostrabetim1\\\/#\\\/schema\\\/person\\\/60af4a433d6a61fe3ac7c3693efc30f8\"},\"headline\":\"1\u00aa Mostra de Betim celebra a magia do cinema\",\"datePublished\":\"2024-04-04T10:17:02+00:00\",\"dateModified\":\"2024-04-13T12:25:10+00:00\",\"mainEntityOfPage\":{\"@id\":\"https:\\\/\\\/itfilmes.com.br\\\/mostrabetim1\\\/1a-mostra-de-betim-celebra-a-magia-do-cinema\\\/\"},\"wordCount\":1363,\"publisher\":{\"@id\":\"https:\\\/\\\/itfilmes.com.br\\\/mostrabetim1\\\/#organization\"},\"image\":{\"@id\":\"https:\\\/\\\/itfilmes.com.br\\\/mostrabetim1\\\/1a-mostra-de-betim-celebra-a-magia-do-cinema\\\/#primaryimage\"},\"thumbnailUrl\":\"https:\\\/\\\/itfilmes.com.br\\\/mostrabetim1\\\/wp-content\\\/uploads\\\/sites\\\/7\\\/2024\\\/04\\\/Elizabete-MC-Fotografia-Leliane-de-Castro.jpg\",\"articleSection\":[\"Release\"],\"inLanguage\":\"pt-BR\"},{\"@type\":\"WebPage\",\"@id\":\"https:\\\/\\\/itfilmes.com.br\\\/mostrabetim1\\\/1a-mostra-de-betim-celebra-a-magia-do-cinema\\\/\",\"url\":\"https:\\\/\\\/itfilmes.com.br\\\/mostrabetim1\\\/1a-mostra-de-betim-celebra-a-magia-do-cinema\\\/\",\"name\":\"1\u00aa Mostra de Betim celebra a magia do cinema - Mostra Betim - 2024\",\"isPartOf\":{\"@id\":\"https:\\\/\\\/itfilmes.com.br\\\/mostrabetim1\\\/#website\"},\"primaryImageOfPage\":{\"@id\":\"https:\\\/\\\/itfilmes.com.br\\\/mostrabetim1\\\/1a-mostra-de-betim-celebra-a-magia-do-cinema\\\/#primaryimage\"},\"image\":{\"@id\":\"https:\\\/\\\/itfilmes.com.br\\\/mostrabetim1\\\/1a-mostra-de-betim-celebra-a-magia-do-cinema\\\/#primaryimage\"},\"thumbnailUrl\":\"https:\\\/\\\/itfilmes.com.br\\\/mostrabetim1\\\/wp-content\\\/uploads\\\/sites\\\/7\\\/2024\\\/04\\\/Elizabete-MC-Fotografia-Leliane-de-Castro.jpg\",\"datePublished\":\"2024-04-04T10:17:02+00:00\",\"dateModified\":\"2024-04-13T12:25:10+00:00\",\"description\":\"Programa\u00e7\u00e3o inclusiva e 100% gratuita. Filmes nacionais, oficinas, semin\u00e1rio, lan\u00e7amento de document\u00e1rio sobre Betim e exposi\u00e7\u00e3o de fotos em espa\u00e7os pela cidade\u00a0\",\"breadcrumb\":{\"@id\":\"https:\\\/\\\/itfilmes.com.br\\\/mostrabetim1\\\/1a-mostra-de-betim-celebra-a-magia-do-cinema\\\/#breadcrumb\"},\"inLanguage\":\"pt-BR\",\"potentialAction\":[{\"@type\":\"ReadAction\",\"target\":[\"https:\\\/\\\/itfilmes.com.br\\\/mostrabetim1\\\/1a-mostra-de-betim-celebra-a-magia-do-cinema\\\/\"]}]},{\"@type\":\"ImageObject\",\"inLanguage\":\"pt-BR\",\"@id\":\"https:\\\/\\\/itfilmes.com.br\\\/mostrabetim1\\\/1a-mostra-de-betim-celebra-a-magia-do-cinema\\\/#primaryimage\",\"url\":\"https:\\\/\\\/itfilmes.com.br\\\/mostrabetim1\\\/wp-content\\\/uploads\\\/sites\\\/7\\\/2024\\\/04\\\/Elizabete-MC-Fotografia-Leliane-de-Castro.jpg\",\"contentUrl\":\"https:\\\/\\\/itfilmes.com.br\\\/mostrabetim1\\\/wp-content\\\/uploads\\\/sites\\\/7\\\/2024\\\/04\\\/Elizabete-MC-Fotografia-Leliane-de-Castro.jpg\",\"width\":1280,\"height\":960,\"caption\":\"Elizabete Martins Campos Fotografia: Leliane de Castro\"},{\"@type\":\"BreadcrumbList\",\"@id\":\"https:\\\/\\\/itfilmes.com.br\\\/mostrabetim1\\\/1a-mostra-de-betim-celebra-a-magia-do-cinema\\\/#breadcrumb\",\"itemListElement\":[{\"@type\":\"ListItem\",\"position\":1,\"name\":\"In\u00edcio\",\"item\":\"https:\\\/\\\/itfilmes.com.br\\\/mostrabetim1\\\/\"},{\"@type\":\"ListItem\",\"position\":2,\"name\":\"1\u00aa Mostra de Betim celebra a magia do cinema\"}]},{\"@type\":\"WebSite\",\"@id\":\"https:\\\/\\\/itfilmes.com.br\\\/mostrabetim1\\\/#website\",\"url\":\"https:\\\/\\\/itfilmes.com.br\\\/mostrabetim1\\\/\",\"name\":\"Mostra Betim - IT Filmes\",\"description\":\"Cinema pra todos\",\"publisher\":{\"@id\":\"https:\\\/\\\/itfilmes.com.br\\\/mostrabetim1\\\/#organization\"},\"alternateName\":\"Mostra Betim - IT Filmes\",\"potentialAction\":[{\"@type\":\"SearchAction\",\"target\":{\"@type\":\"EntryPoint\",\"urlTemplate\":\"https:\\\/\\\/itfilmes.com.br\\\/mostrabetim1\\\/?s={search_term_string}\"},\"query-input\":{\"@type\":\"PropertyValueSpecification\",\"valueRequired\":true,\"valueName\":\"search_term_string\"}}],\"inLanguage\":\"pt-BR\"},{\"@type\":\"Organization\",\"@id\":\"https:\\\/\\\/itfilmes.com.br\\\/mostrabetim1\\\/#organization\",\"name\":\"Mostra Betim - IT Filmes\",\"url\":\"https:\\\/\\\/itfilmes.com.br\\\/mostrabetim1\\\/\",\"logo\":{\"@type\":\"ImageObject\",\"inLanguage\":\"pt-BR\",\"@id\":\"https:\\\/\\\/itfilmes.com.br\\\/mostrabetim1\\\/#\\\/schema\\\/logo\\\/image\\\/\",\"url\":\"https:\\\/\\\/itfilmes.com.br\\\/mostrabetim1\\\/wp-content\\\/uploads\\\/sites\\\/7\\\/2024\\\/03\\\/mostra-betim-logo@2x.png\",\"contentUrl\":\"https:\\\/\\\/itfilmes.com.br\\\/mostrabetim1\\\/wp-content\\\/uploads\\\/sites\\\/7\\\/2024\\\/03\\\/mostra-betim-logo@2x.png\",\"width\":908,\"height\":235,\"caption\":\"Mostra Betim - IT Filmes\"},\"image\":{\"@id\":\"https:\\\/\\\/itfilmes.com.br\\\/mostrabetim1\\\/#\\\/schema\\\/logo\\\/image\\\/\"}},{\"@type\":\"Person\",\"@id\":\"https:\\\/\\\/itfilmes.com.br\\\/mostrabetim1\\\/#\\\/schema\\\/person\\\/60af4a433d6a61fe3ac7c3693efc30f8\",\"name\":\"AppIt\",\"image\":{\"@type\":\"ImageObject\",\"inLanguage\":\"pt-BR\",\"@id\":\"https:\\\/\\\/secure.gravatar.com\\\/avatar\\\/0530b27294ab1302f008a9b0e92ff62ac09306ead56aa56b279ba1a0b3cb4aeb?s=96&d=mm&r=g\",\"url\":\"https:\\\/\\\/secure.gravatar.com\\\/avatar\\\/0530b27294ab1302f008a9b0e92ff62ac09306ead56aa56b279ba1a0b3cb4aeb?s=96&d=mm&r=g\",\"contentUrl\":\"https:\\\/\\\/secure.gravatar.com\\\/avatar\\\/0530b27294ab1302f008a9b0e92ff62ac09306ead56aa56b279ba1a0b3cb4aeb?s=96&d=mm&r=g\",\"caption\":\"AppIt\"},\"sameAs\":[\"https:\\\/\\\/itfilmes.com.br\"]}]}<\/script>\n<!-- \/ Yoast SEO plugin. -->","yoast_head_json":{"title":"1\u00aa Mostra de Betim celebra a magia do cinema - Mostra Betim - 2024","description":"Programa\u00e7\u00e3o inclusiva e 100% gratuita. Filmes nacionais, oficinas, semin\u00e1rio, lan\u00e7amento de document\u00e1rio sobre Betim e exposi\u00e7\u00e3o de fotos em espa\u00e7os pela cidade\u00a0","robots":{"index":"index","follow":"follow","max-snippet":"max-snippet:-1","max-image-preview":"max-image-preview:large","max-video-preview":"max-video-preview:-1"},"canonical":"https:\/\/itfilmes.com.br\/mostrabetim1\/1a-mostra-de-betim-celebra-a-magia-do-cinema\/","og_locale":"pt_BR","og_type":"article","og_title":"1\u00aa Mostra de Betim celebra a magia do cinema - Mostra Betim - 2024","og_description":"Programa\u00e7\u00e3o inclusiva e 100% gratuita. Filmes nacionais, oficinas, semin\u00e1rio, lan\u00e7amento de document\u00e1rio sobre Betim e exposi\u00e7\u00e3o de fotos em espa\u00e7os pela cidade\u00a0","og_url":"https:\/\/itfilmes.com.br\/mostrabetim1\/1a-mostra-de-betim-celebra-a-magia-do-cinema\/","og_site_name":"Mostra Betim - 2024","article_published_time":"2024-04-04T10:17:02+00:00","article_modified_time":"2024-04-13T12:25:10+00:00","og_image":[{"width":1280,"height":960,"url":"https:\/\/itfilmes.com.br\/mostrabetim1\/wp-content\/uploads\/sites\/7\/2024\/04\/Elizabete-MC-Fotografia-Leliane-de-Castro.jpg","type":"image\/jpeg"}],"author":"AppIt","twitter_card":"summary_large_image","schema":{"@context":"https:\/\/schema.org","@graph":[{"@type":"Article","@id":"https:\/\/itfilmes.com.br\/mostrabetim1\/1a-mostra-de-betim-celebra-a-magia-do-cinema\/#article","isPartOf":{"@id":"https:\/\/itfilmes.com.br\/mostrabetim1\/1a-mostra-de-betim-celebra-a-magia-do-cinema\/"},"author":{"name":"AppIt","@id":"https:\/\/itfilmes.com.br\/mostrabetim1\/#\/schema\/person\/60af4a433d6a61fe3ac7c3693efc30f8"},"headline":"1\u00aa Mostra de Betim celebra a magia do cinema","datePublished":"2024-04-04T10:17:02+00:00","dateModified":"2024-04-13T12:25:10+00:00","mainEntityOfPage":{"@id":"https:\/\/itfilmes.com.br\/mostrabetim1\/1a-mostra-de-betim-celebra-a-magia-do-cinema\/"},"wordCount":1363,"publisher":{"@id":"https:\/\/itfilmes.com.br\/mostrabetim1\/#organization"},"image":{"@id":"https:\/\/itfilmes.com.br\/mostrabetim1\/1a-mostra-de-betim-celebra-a-magia-do-cinema\/#primaryimage"},"thumbnailUrl":"https:\/\/itfilmes.com.br\/mostrabetim1\/wp-content\/uploads\/sites\/7\/2024\/04\/Elizabete-MC-Fotografia-Leliane-de-Castro.jpg","articleSection":["Release"],"inLanguage":"pt-BR"},{"@type":"WebPage","@id":"https:\/\/itfilmes.com.br\/mostrabetim1\/1a-mostra-de-betim-celebra-a-magia-do-cinema\/","url":"https:\/\/itfilmes.com.br\/mostrabetim1\/1a-mostra-de-betim-celebra-a-magia-do-cinema\/","name":"1\u00aa Mostra de Betim celebra a magia do cinema - Mostra Betim - 2024","isPartOf":{"@id":"https:\/\/itfilmes.com.br\/mostrabetim1\/#website"},"primaryImageOfPage":{"@id":"https:\/\/itfilmes.com.br\/mostrabetim1\/1a-mostra-de-betim-celebra-a-magia-do-cinema\/#primaryimage"},"image":{"@id":"https:\/\/itfilmes.com.br\/mostrabetim1\/1a-mostra-de-betim-celebra-a-magia-do-cinema\/#primaryimage"},"thumbnailUrl":"https:\/\/itfilmes.com.br\/mostrabetim1\/wp-content\/uploads\/sites\/7\/2024\/04\/Elizabete-MC-Fotografia-Leliane-de-Castro.jpg","datePublished":"2024-04-04T10:17:02+00:00","dateModified":"2024-04-13T12:25:10+00:00","description":"Programa\u00e7\u00e3o inclusiva e 100% gratuita. Filmes nacionais, oficinas, semin\u00e1rio, lan\u00e7amento de document\u00e1rio sobre Betim e exposi\u00e7\u00e3o de fotos em espa\u00e7os pela cidade\u00a0","breadcrumb":{"@id":"https:\/\/itfilmes.com.br\/mostrabetim1\/1a-mostra-de-betim-celebra-a-magia-do-cinema\/#breadcrumb"},"inLanguage":"pt-BR","potentialAction":[{"@type":"ReadAction","target":["https:\/\/itfilmes.com.br\/mostrabetim1\/1a-mostra-de-betim-celebra-a-magia-do-cinema\/"]}]},{"@type":"ImageObject","inLanguage":"pt-BR","@id":"https:\/\/itfilmes.com.br\/mostrabetim1\/1a-mostra-de-betim-celebra-a-magia-do-cinema\/#primaryimage","url":"https:\/\/itfilmes.com.br\/mostrabetim1\/wp-content\/uploads\/sites\/7\/2024\/04\/Elizabete-MC-Fotografia-Leliane-de-Castro.jpg","contentUrl":"https:\/\/itfilmes.com.br\/mostrabetim1\/wp-content\/uploads\/sites\/7\/2024\/04\/Elizabete-MC-Fotografia-Leliane-de-Castro.jpg","width":1280,"height":960,"caption":"Elizabete Martins Campos Fotografia: Leliane de Castro"},{"@type":"BreadcrumbList","@id":"https:\/\/itfilmes.com.br\/mostrabetim1\/1a-mostra-de-betim-celebra-a-magia-do-cinema\/#breadcrumb","itemListElement":[{"@type":"ListItem","position":1,"name":"In\u00edcio","item":"https:\/\/itfilmes.com.br\/mostrabetim1\/"},{"@type":"ListItem","position":2,"name":"1\u00aa Mostra de Betim celebra a magia do cinema"}]},{"@type":"WebSite","@id":"https:\/\/itfilmes.com.br\/mostrabetim1\/#website","url":"https:\/\/itfilmes.com.br\/mostrabetim1\/","name":"Mostra Betim - IT Filmes","description":"Cinema pra todos","publisher":{"@id":"https:\/\/itfilmes.com.br\/mostrabetim1\/#organization"},"alternateName":"Mostra Betim - IT Filmes","potentialAction":[{"@type":"SearchAction","target":{"@type":"EntryPoint","urlTemplate":"https:\/\/itfilmes.com.br\/mostrabetim1\/?s={search_term_string}"},"query-input":{"@type":"PropertyValueSpecification","valueRequired":true,"valueName":"search_term_string"}}],"inLanguage":"pt-BR"},{"@type":"Organization","@id":"https:\/\/itfilmes.com.br\/mostrabetim1\/#organization","name":"Mostra Betim - IT Filmes","url":"https:\/\/itfilmes.com.br\/mostrabetim1\/","logo":{"@type":"ImageObject","inLanguage":"pt-BR","@id":"https:\/\/itfilmes.com.br\/mostrabetim1\/#\/schema\/logo\/image\/","url":"https:\/\/itfilmes.com.br\/mostrabetim1\/wp-content\/uploads\/sites\/7\/2024\/03\/mostra-betim-logo@2x.png","contentUrl":"https:\/\/itfilmes.com.br\/mostrabetim1\/wp-content\/uploads\/sites\/7\/2024\/03\/mostra-betim-logo@2x.png","width":908,"height":235,"caption":"Mostra Betim - IT Filmes"},"image":{"@id":"https:\/\/itfilmes.com.br\/mostrabetim1\/#\/schema\/logo\/image\/"}},{"@type":"Person","@id":"https:\/\/itfilmes.com.br\/mostrabetim1\/#\/schema\/person\/60af4a433d6a61fe3ac7c3693efc30f8","name":"AppIt","image":{"@type":"ImageObject","inLanguage":"pt-BR","@id":"https:\/\/secure.gravatar.com\/avatar\/0530b27294ab1302f008a9b0e92ff62ac09306ead56aa56b279ba1a0b3cb4aeb?s=96&d=mm&r=g","url":"https:\/\/secure.gravatar.com\/avatar\/0530b27294ab1302f008a9b0e92ff62ac09306ead56aa56b279ba1a0b3cb4aeb?s=96&d=mm&r=g","contentUrl":"https:\/\/secure.gravatar.com\/avatar\/0530b27294ab1302f008a9b0e92ff62ac09306ead56aa56b279ba1a0b3cb4aeb?s=96&d=mm&r=g","caption":"AppIt"},"sameAs":["https:\/\/itfilmes.com.br"]}]}},"_links":{"self":[{"href":"https:\/\/itfilmes.com.br\/mostrabetim1\/wp-json\/wp\/v2\/posts\/1882","targetHints":{"allow":["GET"]}}],"collection":[{"href":"https:\/\/itfilmes.com.br\/mostrabetim1\/wp-json\/wp\/v2\/posts"}],"about":[{"href":"https:\/\/itfilmes.com.br\/mostrabetim1\/wp-json\/wp\/v2\/types\/post"}],"author":[{"embeddable":true,"href":"https:\/\/itfilmes.com.br\/mostrabetim1\/wp-json\/wp\/v2\/users\/1"}],"replies":[{"embeddable":true,"href":"https:\/\/itfilmes.com.br\/mostrabetim1\/wp-json\/wp\/v2\/comments?post=1882"}],"version-history":[{"count":0,"href":"https:\/\/itfilmes.com.br\/mostrabetim1\/wp-json\/wp\/v2\/posts\/1882\/revisions"}],"wp:featuredmedia":[{"embeddable":true,"href":"https:\/\/itfilmes.com.br\/mostrabetim1\/wp-json\/wp\/v2\/media\/2045"}],"wp:attachment":[{"href":"https:\/\/itfilmes.com.br\/mostrabetim1\/wp-json\/wp\/v2\/media?parent=1882"}],"wp:term":[{"taxonomy":"category","embeddable":true,"href":"https:\/\/itfilmes.com.br\/mostrabetim1\/wp-json\/wp\/v2\/categories?post=1882"},{"taxonomy":"post_tag","embeddable":true,"href":"https:\/\/itfilmes.com.br\/mostrabetim1\/wp-json\/wp\/v2\/tags?post=1882"}],"curies":[{"name":"wp","href":"https:\/\/api.w.org\/{rel}","templated":true}]}}