{"id":3392,"date":"2024-05-07T16:13:14","date_gmt":"2024-05-07T19:13:14","guid":{"rendered":"https:\/\/itfilmes.com.br\/mostrabetim1\/?p=3392"},"modified":"2024-05-12T17:41:07","modified_gmt":"2024-05-12T20:41:07","slug":"abertura-da-mostra-betim","status":"publish","type":"post","link":"https:\/\/itfilmes.com.br\/mostrabetim1\/abertura-da-mostra-betim\/","title":{"rendered":"Abertura da Mostra Betim"},"content":{"rendered":"\n<h2 class=\"wp-block-heading has-large-font-size\">\u00c9 com a sala de cinema cheia de pessoas especiais, que come\u00e7amos a nossa maratona cinematogr\u00e1fica da 1\u00aa Mostra de Cinema de Betim.<\/h2>\n\n\n\n<figure class=\"wp-block-image size-full is-resized\"><img fetchpriority=\"high\" decoding=\"async\" width=\"1023\" height=\"682\" src=\"https:\/\/itfilmes.com.br\/mostrabetim1\/wp-content\/uploads\/sites\/7\/2024\/05\/53708038420_fa74091672_b.jpg\" alt=\"\" class=\"wp-image-3393\" style=\"width:900px\" srcset=\"https:\/\/itfilmes.com.br\/mostrabetim1\/wp-content\/uploads\/sites\/7\/2024\/05\/53708038420_fa74091672_b.jpg 1023w, https:\/\/itfilmes.com.br\/mostrabetim1\/wp-content\/uploads\/sites\/7\/2024\/05\/53708038420_fa74091672_b-200x133.jpg 200w\" sizes=\"(max-width: 1023px) 100vw, 1023px\" \/><figcaption class=\"wp-element-caption\">Lan\u00e7amento do document\u00e1rio Betim Viva, dire\u00e7\u00e3o Elizabete Martins Campos (Foto: Vladimir Araujo)<\/figcaption><\/figure>\n\n\n\n<p>Nesta terca, dia 07 de maio, foi o lan\u00e7amento da&nbsp;Mostra, com a estreia do document\u00e1rio &#8220;<a href=\"https:\/\/itfilmes.com.br\/mostrabetim1\/programacao\/betim-viva\/\">Betim Viva<\/a>&#8220;, dire\u00e7\u00e3o de Elizabete Martins Campos, realizadora da Mostra de Betim na sua primeira edi\u00e7\u00e3o.<\/p>\n\n\n\n<p>Foi emocionante ver os personagens do Filme assistindo em tela grande suas pr\u00f3prias hist\u00f3rias&nbsp;entrela\u00e7adas com a hist\u00f3ria da cidade.&nbsp;<\/p>\n\n\n\n<p>Este foi s\u00f3 o come\u00e7o! A Mostra continua e tem muito mais: in\u00edcio de oficinas, filmes na sala de cinema Cineart Monte Carmo gratuitamente e exibi\u00e7\u00e3o do document\u00e1rio &#8220;Betim Viva&#8221;, na sede do Ramacrisna, em Vian\u00f3polis!&nbsp;&nbsp;<\/p>\n\n\n\n<p>Nesta <a href=\"https:\/\/itfilmes.com.br\/mostrabetim1\/programacao-cats\/08-05\/\">quarta, dia 08<\/a>, a partir das 18h30, temos os filmes &#8220;Samuel foi trabalhar&#8221;, de Janderson&nbsp;Felipe e Lucas Litrento, &#8220;Mussum, o filmis&#8221;, de Silvio Guindane e \u00e0s 21h,&nbsp; &#8220;Seu Cavalvanti&#8221;, de Leonardo Lacca.&nbsp;<\/p>\n\n\n\n<p>A noite tamb\u00e9m tem a Mostra Itinerante com sess\u00f5es do document\u00e1rio &#8220;Betim Viva&#8221; nas escolas Beliz\u00e1rio Ferreira Caminhas, na regi\u00e3o&nbsp;Teres\u00f3polis, e Marcos Cordeiro Tupynamb\u00e1, na regi\u00e3o Norte.<\/p>\n\n\n\n<p>Na quinta, dia 09, temos um encontro marcado no&nbsp; &#8220;<a href=\"https:\/\/itfilmes.com.br\/mostrabetim1\/seminario\/\">Semin\u00e1rio Betim Cidade Criativa<\/a>&#8220;! Credenciamento aberto no site www.mostrabetim.com.br<\/p>\n\n\n\n<p>A programa\u00e7\u00e3o vai at\u00e9 domingo, dia das m\u00e3es, com filmes exibidos na <a href=\"https:\/\/itfilmes.com.br\/mostrabetim1\/programacao-cats\/mostra-brasil\/\">Mostra Brasil<\/a>, <a href=\"https:\/\/itfilmes.com.br\/mostrabetim1\/programacao-cats\/mostra-curta-betim\/\">Mostra Curta Betim<\/a> e <a href=\"https:\/\/itfilmes.com.br\/mostrabetim1\/programacao-cats\/mostra-curtas-da-terra\/\">Mostra Curta da Terra<\/a>.<\/p>\n\n\n\n<p>A abertura da Mostra contou com a presen\u00e7a de artistas, do prefeito Vittorio Mediolli, L\u00facio Otoni do Cineart, R\u0117gis Campos do Monte Carmo Shopping, Expedito Chumbinhos, presidente do Instituto Ramacrisna, autoridades, personalidades, amigos, familiares, trabalhadores, empres\u00e1rios, grande p\u00fablico incentivador da iniciativa!&nbsp;<\/p>\n\n\n<div class='photonic-flickr-stream photonic-stream ' id='photonic-flickr-stream-1'>\n\n\t<div id='photonic-flickr-stream-1-container' class='title-display-tooltip photonic-level-1-container sizes-present photonic-random-layout photonic-thumbnail-effect-none' data-photonic-platform=\"flickr\" data-photonic-gallery-columns=\"auto\" data-photonic-query=\"columns=auto&amp;layout=random&amp;display=local&amp;popup=hide&amp;filter=&amp;filter_type=include&amp;more=&amp;panel=&amp;custom_classes=&amp;alignment=&amp;photo_layout=square&amp;caption=title&amp;thumb_size=s&amp;main_size=b&amp;tile_size=same&amp;video_size=Video Original&amp;privacy_filter=&amp;count=500&amp;page=1&amp;paginate=&amp;collections_display=expanded&amp;user_id=185489341@N05&amp;collection_id=&amp;photoset_id=72177720316872682&amp;gallery_id=&amp;photo_id=&amp;media=all&amp;type=flickr&amp;style=default&amp;view=photosets&amp;headers=none&amp;iterate_level_3=1&amp;per_page=500&amp;photo_count=500&amp;overlay_size=s&amp;overlay_video_size=Video Original\" style='--tile-min-height: 200px'>\n\t\t<figure class='photonic-level-1 photonic-thumb' style='--dw: 800;--dh: 533'>\n\t\t\t<a href='https:\/\/live.staticflickr.com\/65535\/53714453495_9873c408b1_c.jpg' title='Elizabete Martins Campos coordenadora da Mostra, o prefeito de Betim Vittorio Medioli e Lucio Otoni diretor de programa\u00e7\u00e3o Cineart\/MG' rel='lightbox-photonic-flickr-stream-1' class='photonic-lb photonic-baguettebox baguettebox' data-photonic-media-type=\"image\" data-content-type=\"image\" data-photonic-deep=\"gallery[photonic-flickr-set-1]\/53714453495\/\" data-title=\"&lt;a href=&#039;https:\/\/www.flickr.com\/photos\/185489341@N05\/53714453495\/in\/set-72177720316872682&#039; &gt;Elizabete Martins Campos coordenadora da Mostra, o prefeito de Betim Vittorio Medioli e Lucio Otoni diretor de programa\u00e7\u00e3o Cineart\/MG&lt;\/a&gt;\" data-photonic-tooltip=\"Elizabete Martins Campos coordenadora da Mostra, o prefeito de Betim Vittorio Medioli e Lucio Otoni diretor de programa\u00e7\u00e3o Cineart\/MG\">\n\t\t\t\t<img alt='Elizabete Martins Campos coordenadora da Mostra, o prefeito de Betim Vittorio Medioli e Lucio Otoni diretor de programa\u00e7\u00e3o Cineart\/MG' class='random' data-src='https:\/\/live.staticflickr.com\/65535\/53714453495_9873c408b1_c.jpg' loading='lazy' width='800' height='533' \/>\n\t\t\t<\/a>\n\t\t<\/figure>\n\t\t<figure class='photonic-level-1 photonic-thumb' style='--dw: 800;--dh: 533'>\n\t\t\t<a href='https:\/\/live.staticflickr.com\/65535\/53714453645_6d3f825ee7_c.jpg' title='Abertura 1\u00aa Mostra Betim' rel='lightbox-photonic-flickr-stream-1' class='photonic-lb photonic-baguettebox baguettebox' data-photonic-media-type=\"image\" data-content-type=\"image\" data-photonic-deep=\"gallery[photonic-flickr-set-1]\/53714453645\/\" data-title=\"&lt;a href=&#039;https:\/\/www.flickr.com\/photos\/185489341@N05\/53714453645\/in\/set-72177720316872682&#039; &gt;Abertura 1\u00aa Mostra Betim&lt;\/a&gt;\" data-photonic-tooltip=\"Abertura 1\u00aa Mostra Betim\">\n\t\t\t\t<img alt='Abertura 1\u00aa Mostra Betim' class='random' data-src='https:\/\/live.staticflickr.com\/65535\/53714453645_6d3f825ee7_c.jpg' loading='lazy' width='800' height='533' \/>\n\t\t\t<\/a>\n\t\t<\/figure>\n\t\t<figure class='photonic-level-1 photonic-thumb' style='--dw: 800;--dh: 533'>\n\t\t\t<a href='https:\/\/live.staticflickr.com\/65535\/53714234138_2454a0dee1_c.jpg' title='Abertura 1\u00aa Mostra Betim' rel='lightbox-photonic-flickr-stream-1' class='photonic-lb photonic-baguettebox baguettebox' data-photonic-media-type=\"image\" data-content-type=\"image\" data-photonic-deep=\"gallery[photonic-flickr-set-1]\/53714234138\/\" data-title=\"&lt;a href=&#039;https:\/\/www.flickr.com\/photos\/185489341@N05\/53714234138\/in\/set-72177720316872682&#039; &gt;Abertura 1\u00aa Mostra Betim&lt;\/a&gt;\" data-photonic-tooltip=\"Abertura 1\u00aa Mostra Betim\">\n\t\t\t\t<img alt='Abertura 1\u00aa Mostra Betim' class='random' data-src='https:\/\/live.staticflickr.com\/65535\/53714234138_2454a0dee1_c.jpg' loading='lazy' width='800' height='533' \/>\n\t\t\t<\/a>\n\t\t<\/figure>\n\t\t<figure class='photonic-level-1 photonic-thumb' style='--dw: 800;--dh: 533'>\n\t\t\t<a href='https:\/\/live.staticflickr.com\/65535\/53714453630_3b16f59e89_c.jpg' title='Abertura 1\u00aa Mostra Betim' rel='lightbox-photonic-flickr-stream-1' class='photonic-lb photonic-baguettebox baguettebox' data-photonic-media-type=\"image\" data-content-type=\"image\" data-photonic-deep=\"gallery[photonic-flickr-set-1]\/53714453630\/\" data-title=\"&lt;a href=&#039;https:\/\/www.flickr.com\/photos\/185489341@N05\/53714453630\/in\/set-72177720316872682&#039; &gt;Abertura 1\u00aa Mostra Betim&lt;\/a&gt;\" data-photonic-tooltip=\"Abertura 1\u00aa Mostra Betim\">\n\t\t\t\t<img alt='Abertura 1\u00aa Mostra Betim' class='random' data-src='https:\/\/live.staticflickr.com\/65535\/53714453630_3b16f59e89_c.jpg' loading='lazy' width='800' height='533' \/>\n\t\t\t<\/a>\n\t\t<\/figure>\n\t\t<figure class='photonic-level-1 photonic-thumb' style='--dw: 800;--dh: 533'>\n\t\t\t<a href='https:\/\/live.staticflickr.com\/65535\/53714359184_c4b7f5d5bd_c.jpg' title='Abertura 1\u00aa Mostra Betim' rel='lightbox-photonic-flickr-stream-1' class='photonic-lb photonic-baguettebox baguettebox' data-photonic-media-type=\"image\" data-content-type=\"image\" data-photonic-deep=\"gallery[photonic-flickr-set-1]\/53714359184\/\" data-title=\"&lt;a href=&#039;https:\/\/www.flickr.com\/photos\/185489341@N05\/53714359184\/in\/set-72177720316872682&#039; &gt;Abertura 1\u00aa Mostra Betim&lt;\/a&gt;\" data-photonic-tooltip=\"Abertura 1\u00aa Mostra Betim\">\n\t\t\t\t<img alt='Abertura 1\u00aa Mostra Betim' class='random' data-src='https:\/\/live.staticflickr.com\/65535\/53714359184_c4b7f5d5bd_c.jpg' loading='lazy' width='800' height='533' \/>\n\t\t\t<\/a>\n\t\t<\/figure>\n\t\t<figure class='photonic-level-1 photonic-thumb' style='--dw: 800;--dh: 533'>\n\t\t\t<a href='https:\/\/live.staticflickr.com\/65535\/53713110937_3e84735d8e_c.jpg' title='Abertura 1\u00aa Mostra Betim' rel='lightbox-photonic-flickr-stream-1' class='photonic-lb photonic-baguettebox baguettebox' data-photonic-media-type=\"image\" data-content-type=\"image\" data-photonic-deep=\"gallery[photonic-flickr-set-1]\/53713110937\/\" data-title=\"&lt;a href=&#039;https:\/\/www.flickr.com\/photos\/185489341@N05\/53713110937\/in\/set-72177720316872682&#039; &gt;Abertura 1\u00aa Mostra Betim&lt;\/a&gt;\" data-photonic-tooltip=\"Abertura 1\u00aa Mostra Betim\">\n\t\t\t\t<img alt='Abertura 1\u00aa Mostra Betim' class='random' data-src='https:\/\/live.staticflickr.com\/65535\/53713110937_3e84735d8e_c.jpg' loading='lazy' width='800' height='533' \/>\n\t\t\t<\/a>\n\t\t<\/figure>\n\t\t<figure class='photonic-level-1 photonic-thumb' style='--dw: 800;--dh: 533'>\n\t\t\t<a href='https:\/\/live.staticflickr.com\/65535\/53714025086_c217560937_c.jpg' title='Abertura 1\u00aa Mostra Betim' rel='lightbox-photonic-flickr-stream-1' class='photonic-lb photonic-baguettebox baguettebox' data-photonic-media-type=\"image\" data-content-type=\"image\" data-photonic-deep=\"gallery[photonic-flickr-set-1]\/53714025086\/\" data-title=\"&lt;a href=&#039;https:\/\/www.flickr.com\/photos\/185489341@N05\/53714025086\/in\/set-72177720316872682&#039; &gt;Abertura 1\u00aa Mostra Betim&lt;\/a&gt;\" data-photonic-tooltip=\"Abertura 1\u00aa Mostra Betim\">\n\t\t\t\t<img alt='Abertura 1\u00aa Mostra Betim' class='random' data-src='https:\/\/live.staticflickr.com\/65535\/53714025086_c217560937_c.jpg' loading='lazy' width='800' height='533' \/>\n\t\t\t<\/a>\n\t\t<\/figure>\n\t\t<figure class='photonic-level-1 photonic-thumb' style='--dw: 800;--dh: 533'>\n\t\t\t<a href='https:\/\/live.staticflickr.com\/65535\/53714025101_80286fc94f_c.jpg' title='Elizabete Martins Campos coordenadora da Mostra e o m\u00fasico Celso Moretti' rel='lightbox-photonic-flickr-stream-1' class='photonic-lb photonic-baguettebox baguettebox' data-photonic-media-type=\"image\" data-content-type=\"image\" data-photonic-deep=\"gallery[photonic-flickr-set-1]\/53714025101\/\" data-title=\"&lt;a href=&#039;https:\/\/www.flickr.com\/photos\/185489341@N05\/53714025101\/in\/set-72177720316872682&#039; &gt;Elizabete Martins Campos coordenadora da Mostra e o m\u00fasico Celso Moretti&lt;\/a&gt;\" data-photonic-tooltip=\"Elizabete Martins Campos coordenadora da Mostra e o m\u00fasico Celso Moretti\">\n\t\t\t\t<img alt='Elizabete Martins Campos coordenadora da Mostra e o m\u00fasico Celso Moretti' class='random' data-src='https:\/\/live.staticflickr.com\/65535\/53714025101_80286fc94f_c.jpg' loading='lazy' width='800' height='533' \/>\n\t\t\t<\/a>\n\t\t<\/figure>\n\t\t<figure class='photonic-level-1 photonic-thumb' style='--dw: 800;--dh: 533'>\n\t\t\t<a href='https:\/\/live.staticflickr.com\/65535\/53714234068_beb6cb772c_c.jpg' title='Abertura 1\u00aa Mostra Betim' rel='lightbox-photonic-flickr-stream-1' class='photonic-lb photonic-baguettebox baguettebox' data-photonic-media-type=\"image\" data-content-type=\"image\" data-photonic-deep=\"gallery[photonic-flickr-set-1]\/53714234068\/\" data-title=\"&lt;a href=&#039;https:\/\/www.flickr.com\/photos\/185489341@N05\/53714234068\/in\/set-72177720316872682&#039; &gt;Abertura 1\u00aa Mostra Betim&lt;\/a&gt;\" data-photonic-tooltip=\"Abertura 1\u00aa Mostra Betim\">\n\t\t\t\t<img alt='Abertura 1\u00aa Mostra Betim' class='random' data-src='https:\/\/live.staticflickr.com\/65535\/53714234068_beb6cb772c_c.jpg' loading='lazy' width='800' height='533' \/>\n\t\t\t<\/a>\n\t\t<\/figure>\n\t\t<figure class='photonic-level-1 photonic-thumb' style='--dw: 800;--dh: 533'>\n\t\t\t<a href='https:\/\/live.staticflickr.com\/65535\/53713110897_bcd2d07cf3_c.jpg' title='Abertura 1\u00aa Mostra Betim' rel='lightbox-photonic-flickr-stream-1' class='photonic-lb photonic-baguettebox baguettebox' data-photonic-media-type=\"image\" data-content-type=\"image\" data-photonic-deep=\"gallery[photonic-flickr-set-1]\/53713110897\/\" data-title=\"&lt;a href=&#039;https:\/\/www.flickr.com\/photos\/185489341@N05\/53713110897\/in\/set-72177720316872682&#039; &gt;Abertura 1\u00aa Mostra Betim&lt;\/a&gt;\" data-photonic-tooltip=\"Abertura 1\u00aa Mostra Betim\">\n\t\t\t\t<img alt='Abertura 1\u00aa Mostra Betim' class='random' data-src='https:\/\/live.staticflickr.com\/65535\/53713110897_bcd2d07cf3_c.jpg' loading='lazy' width='800' height='533' \/>\n\t\t\t<\/a>\n\t\t<\/figure>\n\t\t<figure class='photonic-level-1 photonic-thumb' style='--dw: 800;--dh: 533'>\n\t\t\t<a href='https:\/\/live.staticflickr.com\/65535\/53714234053_267071fb2a_c.jpg' title='Abertura 1\u00aa Mostra Betim' rel='lightbox-photonic-flickr-stream-1' class='photonic-lb photonic-baguettebox baguettebox' data-photonic-media-type=\"image\" data-content-type=\"image\" data-photonic-deep=\"gallery[photonic-flickr-set-1]\/53714234053\/\" data-title=\"&lt;a href=&#039;https:\/\/www.flickr.com\/photos\/185489341@N05\/53714234053\/in\/set-72177720316872682&#039; &gt;Abertura 1\u00aa Mostra Betim&lt;\/a&gt;\" data-photonic-tooltip=\"Abertura 1\u00aa Mostra Betim\">\n\t\t\t\t<img alt='Abertura 1\u00aa Mostra Betim' class='random' data-src='https:\/\/live.staticflickr.com\/65535\/53714234053_267071fb2a_c.jpg' loading='lazy' width='800' height='533' \/>\n\t\t\t<\/a>\n\t\t<\/figure>\n\t\t<figure class='photonic-level-1 photonic-thumb' style='--dw: 800;--dh: 533'>\n\t\t\t<a href='https:\/\/live.staticflickr.com\/65535\/53714234008_0d0e34e5fa_c.jpg' title='Abertura 1\u00aa Mostra Betim' rel='lightbox-photonic-flickr-stream-1' class='photonic-lb photonic-baguettebox baguettebox' data-photonic-media-type=\"image\" data-content-type=\"image\" data-photonic-deep=\"gallery[photonic-flickr-set-1]\/53714234008\/\" data-title=\"&lt;a href=&#039;https:\/\/www.flickr.com\/photos\/185489341@N05\/53714234008\/in\/set-72177720316872682&#039; &gt;Abertura 1\u00aa Mostra Betim&lt;\/a&gt;\" data-photonic-tooltip=\"Abertura 1\u00aa Mostra Betim\">\n\t\t\t\t<img alt='Abertura 1\u00aa Mostra Betim' class='random' data-src='https:\/\/live.staticflickr.com\/65535\/53714234008_0d0e34e5fa_c.jpg' loading='lazy' width='800' height='533' \/>\n\t\t\t<\/a>\n\t\t<\/figure>\n\t\t<figure class='photonic-level-1 photonic-thumb' style='--dw: 800;--dh: 533'>\n\t\t\t<a href='https:\/\/live.staticflickr.com\/65535\/53714359049_3f85c85a5d_c.jpg' title='Lan\u00e7amento do document\u00e1rio Betim Viva, dire\u00e7\u00e3o Elizabete Martins Campos' rel='lightbox-photonic-flickr-stream-1' class='photonic-lb photonic-baguettebox baguettebox' data-photonic-media-type=\"image\" data-content-type=\"image\" data-photonic-deep=\"gallery[photonic-flickr-set-1]\/53714359049\/\" data-title=\"&lt;a href=&#039;https:\/\/www.flickr.com\/photos\/185489341@N05\/53714359049\/in\/set-72177720316872682&#039; &gt;Lan\u00e7amento do document\u00e1rio Betim Viva, dire\u00e7\u00e3o Elizabete Martins Campos&lt;\/a&gt;\" data-photonic-tooltip=\"Lan\u00e7amento do document\u00e1rio Betim Viva, dire\u00e7\u00e3o Elizabete Martins Campos\">\n\t\t\t\t<img alt='Lan\u00e7amento do document\u00e1rio Betim Viva, dire\u00e7\u00e3o Elizabete Martins Campos' class='random' data-src='https:\/\/live.staticflickr.com\/65535\/53714359049_3f85c85a5d_c.jpg' loading='lazy' width='800' height='533' \/>\n\t\t\t<\/a>\n\t\t<\/figure>\n\t\t<figure class='photonic-level-1 photonic-thumb' style='--dw: 533;--dh: 800'>\n\t\t\t<a href='https:\/\/live.staticflickr.com\/65535\/53714453475_e6acdd6f0f_c.jpg' title='Abertura 1\u00aa Mostra Betim' rel='lightbox-photonic-flickr-stream-1' class='photonic-lb photonic-baguettebox baguettebox' data-photonic-media-type=\"image\" data-content-type=\"image\" data-photonic-deep=\"gallery[photonic-flickr-set-1]\/53714453475\/\" data-title=\"&lt;a href=&#039;https:\/\/www.flickr.com\/photos\/185489341@N05\/53714453475\/in\/set-72177720316872682&#039; &gt;Abertura 1\u00aa Mostra Betim&lt;\/a&gt;\" data-photonic-tooltip=\"Abertura 1\u00aa Mostra Betim\">\n\t\t\t\t<img alt='Abertura 1\u00aa Mostra Betim' class='random' data-src='https:\/\/live.staticflickr.com\/65535\/53714453475_e6acdd6f0f_c.jpg' loading='lazy' width='533' height='800' \/>\n\t\t\t<\/a>\n\t\t<\/figure>\n\t\t<figure class='photonic-level-1 photonic-thumb' style='--dw: 800;--dh: 533'>\n\t\t\t<a href='https:\/\/live.staticflickr.com\/65535\/53714358999_2965fdf28d_c.jpg' title='Abertura 1\u00aa Mostra Betim' rel='lightbox-photonic-flickr-stream-1' class='photonic-lb photonic-baguettebox baguettebox' data-photonic-media-type=\"image\" data-content-type=\"image\" data-photonic-deep=\"gallery[photonic-flickr-set-1]\/53714358999\/\" data-title=\"&lt;a href=&#039;https:\/\/www.flickr.com\/photos\/185489341@N05\/53714358999\/in\/set-72177720316872682&#039; &gt;Abertura 1\u00aa Mostra Betim&lt;\/a&gt;\" data-photonic-tooltip=\"Abertura 1\u00aa Mostra Betim\">\n\t\t\t\t<img alt='Abertura 1\u00aa Mostra Betim' class='random' data-src='https:\/\/live.staticflickr.com\/65535\/53714358999_2965fdf28d_c.jpg' loading='lazy' width='800' height='533' \/>\n\t\t\t<\/a>\n\t\t<\/figure>\n\t\t<figure class='photonic-level-1 photonic-thumb' style='--dw: 800;--dh: 533'>\n\t\t\t<a href='https:\/\/live.staticflickr.com\/65535\/53714233938_cbc94a7fb9_c.jpg' title='Abertura 1\u00aa Mostra Betim' rel='lightbox-photonic-flickr-stream-1' class='photonic-lb photonic-baguettebox baguettebox' data-photonic-media-type=\"image\" data-content-type=\"image\" data-photonic-deep=\"gallery[photonic-flickr-set-1]\/53714233938\/\" data-title=\"&lt;a href=&#039;https:\/\/www.flickr.com\/photos\/185489341@N05\/53714233938\/in\/set-72177720316872682&#039; &gt;Abertura 1\u00aa Mostra Betim&lt;\/a&gt;\" data-photonic-tooltip=\"Abertura 1\u00aa Mostra Betim\">\n\t\t\t\t<img alt='Abertura 1\u00aa Mostra Betim' class='random' data-src='https:\/\/live.staticflickr.com\/65535\/53714233938_cbc94a7fb9_c.jpg' loading='lazy' width='800' height='533' \/>\n\t\t\t<\/a>\n\t\t<\/figure>\n\t\t<figure class='photonic-level-1 photonic-thumb' style='--dw: 800;--dh: 533'>\n\t\t\t<a href='https:\/\/live.staticflickr.com\/65535\/53714453430_16b87be8b6_c.jpg' title='Abertura 1\u00aa Mostra Betim' rel='lightbox-photonic-flickr-stream-1' class='photonic-lb photonic-baguettebox baguettebox' data-photonic-media-type=\"image\" data-content-type=\"image\" data-photonic-deep=\"gallery[photonic-flickr-set-1]\/53714453430\/\" data-title=\"&lt;a href=&#039;https:\/\/www.flickr.com\/photos\/185489341@N05\/53714453430\/in\/set-72177720316872682&#039; &gt;Abertura 1\u00aa Mostra Betim&lt;\/a&gt;\" data-photonic-tooltip=\"Abertura 1\u00aa Mostra Betim\">\n\t\t\t\t<img alt='Abertura 1\u00aa Mostra Betim' class='random' data-src='https:\/\/live.staticflickr.com\/65535\/53714453430_16b87be8b6_c.jpg' loading='lazy' width='800' height='533' \/>\n\t\t\t<\/a>\n\t\t<\/figure>\n\t\t<figure class='photonic-level-1 photonic-thumb' style='--dw: 800;--dh: 533'>\n\t\t\t<a href='https:\/\/live.staticflickr.com\/65535\/53714233873_cc12ca7bab_c.jpg' title='Abertura 1\u00aa Mostra Betim' rel='lightbox-photonic-flickr-stream-1' class='photonic-lb photonic-baguettebox baguettebox' data-photonic-media-type=\"image\" data-content-type=\"image\" data-photonic-deep=\"gallery[photonic-flickr-set-1]\/53714233873\/\" data-title=\"&lt;a href=&#039;https:\/\/www.flickr.com\/photos\/185489341@N05\/53714233873\/in\/set-72177720316872682&#039; &gt;Abertura 1\u00aa Mostra Betim&lt;\/a&gt;\" data-photonic-tooltip=\"Abertura 1\u00aa Mostra Betim\">\n\t\t\t\t<img alt='Abertura 1\u00aa Mostra Betim' class='random' data-src='https:\/\/live.staticflickr.com\/65535\/53714233873_cc12ca7bab_c.jpg' loading='lazy' width='800' height='533' \/>\n\t\t\t<\/a>\n\t\t<\/figure>\n\t\t<figure class='photonic-level-1 photonic-thumb' style='--dw: 800;--dh: 533'>\n\t\t\t<a href='https:\/\/live.staticflickr.com\/65535\/53714453410_da86fa831f_c.jpg' title='Abertura 1\u00aa Mostra Betim' rel='lightbox-photonic-flickr-stream-1' class='photonic-lb photonic-baguettebox baguettebox' data-photonic-media-type=\"image\" data-content-type=\"image\" data-photonic-deep=\"gallery[photonic-flickr-set-1]\/53714453410\/\" data-title=\"&lt;a href=&#039;https:\/\/www.flickr.com\/photos\/185489341@N05\/53714453410\/in\/set-72177720316872682&#039; &gt;Abertura 1\u00aa Mostra Betim&lt;\/a&gt;\" data-photonic-tooltip=\"Abertura 1\u00aa Mostra Betim\">\n\t\t\t\t<img alt='Abertura 1\u00aa Mostra Betim' class='random' data-src='https:\/\/live.staticflickr.com\/65535\/53714453410_da86fa831f_c.jpg' loading='lazy' width='800' height='533' \/>\n\t\t\t<\/a>\n\t\t<\/figure>\n\n\t<\/div> <!-- .\/photonic-level-1-container -->\n\t<span id='photonic-flickr-stream-1-container-end'><\/span>\n<\/div><!-- .photonic-stream or .photonic-panel -->\n\n\n\n<p>At\u00e9 domingo, Betim est\u00e1 em cartaz. Participe conosco e venha curtir cinema!<\/p>\n","protected":false},"excerpt":{"rendered":"<p>\u00c9 com a sala de cinema cheia de pessoas especiais, que come\u00e7amos a nossa maratona cinematogr\u00e1fica da 1\u00aa Mostra de Cinema de Betim. Nesta terca, dia 07 de maio, foi o lan\u00e7amento da&nbsp;Mostra, com a estreia do document\u00e1rio &#8220;Betim Viva&#8220;, dire\u00e7\u00e3o de Elizabete Martins Campos, realizadora da Mostra de Betim na sua primeira edi\u00e7\u00e3o. Foi [&hellip;]<\/p>\n","protected":false},"author":1,"featured_media":3399,"comment_status":"closed","ping_status":"closed","sticky":false,"template":"","format":"standard","meta":{"footnotes":""},"categories":[1],"tags":[],"class_list":["post-3392","post","type-post","status-publish","format-standard","has-post-thumbnail","hentry","category-noticia"],"yoast_head":"<!-- This site is optimized with the Yoast SEO plugin v27.4 - https:\/\/yoast.com\/product\/yoast-seo-wordpress\/ -->\n<title>Abertura da 1\u00aa Mostra de Cinema de Betim<\/title>\n<meta name=\"description\" content=\"\u00c9 com a sala de cinema cheia de pessoas especiais, que come\u00e7amos a nossa maratona cinematogr\u00e1fica da 1\u00aa MOSTRA DE CINEMA DE BETIM.\" \/>\n<meta name=\"robots\" content=\"index, follow, max-snippet:-1, max-image-preview:large, max-video-preview:-1\" \/>\n<link rel=\"canonical\" href=\"https:\/\/itfilmes.com.br\/mostrabetim1\/abertura-da-mostra-betim\/\" \/>\n<meta property=\"og:locale\" content=\"pt_BR\" \/>\n<meta property=\"og:type\" content=\"article\" \/>\n<meta property=\"og:title\" content=\"Abertura da 1\u00aa Mostra de Cinema de Betim\" \/>\n<meta property=\"og:description\" content=\"\u00c9 com a sala de cinema cheia de pessoas especiais, que come\u00e7amos a nossa maratona cinematogr\u00e1fica da 1\u00aa MOSTRA DE CINEMA DE BETIM.\" \/>\n<meta property=\"og:url\" content=\"https:\/\/itfilmes.com.br\/mostrabetim1\/abertura-da-mostra-betim\/\" \/>\n<meta property=\"og:site_name\" content=\"Mostra Betim - 2024\" \/>\n<meta property=\"article:published_time\" content=\"2024-05-07T19:13:14+00:00\" \/>\n<meta property=\"article:modified_time\" content=\"2024-05-12T20:41:07+00:00\" \/>\n<meta property=\"og:image\" content=\"https:\/\/itfilmes.com.br\/mostrabetim1\/wp-content\/uploads\/sites\/7\/2024\/05\/53708038450_a9a11548e9_b.jpg\" \/>\n\t<meta property=\"og:image:width\" content=\"1023\" \/>\n\t<meta property=\"og:image:height\" content=\"682\" \/>\n\t<meta property=\"og:image:type\" content=\"image\/jpeg\" \/>\n<meta name=\"author\" content=\"AppIt\" \/>\n<meta name=\"twitter:card\" content=\"summary_large_image\" \/>\n<script type=\"application\/ld+json\" class=\"yoast-schema-graph\">{\"@context\":\"https:\\\/\\\/schema.org\",\"@graph\":[{\"@type\":\"Article\",\"@id\":\"https:\\\/\\\/itfilmes.com.br\\\/mostrabetim1\\\/abertura-da-mostra-betim\\\/#article\",\"isPartOf\":{\"@id\":\"https:\\\/\\\/itfilmes.com.br\\\/mostrabetim1\\\/abertura-da-mostra-betim\\\/\"},\"author\":{\"name\":\"AppIt\",\"@id\":\"https:\\\/\\\/itfilmes.com.br\\\/mostrabetim1\\\/#\\\/schema\\\/person\\\/60af4a433d6a61fe3ac7c3693efc30f8\"},\"headline\":\"Abertura da Mostra Betim\",\"datePublished\":\"2024-05-07T19:13:14+00:00\",\"dateModified\":\"2024-05-12T20:41:07+00:00\",\"mainEntityOfPage\":{\"@id\":\"https:\\\/\\\/itfilmes.com.br\\\/mostrabetim1\\\/abertura-da-mostra-betim\\\/\"},\"wordCount\":324,\"publisher\":{\"@id\":\"https:\\\/\\\/itfilmes.com.br\\\/mostrabetim1\\\/#organization\"},\"image\":{\"@id\":\"https:\\\/\\\/itfilmes.com.br\\\/mostrabetim1\\\/abertura-da-mostra-betim\\\/#primaryimage\"},\"thumbnailUrl\":\"https:\\\/\\\/itfilmes.com.br\\\/mostrabetim1\\\/wp-content\\\/uploads\\\/sites\\\/7\\\/2024\\\/05\\\/53708038450_a9a11548e9_b.jpg\",\"articleSection\":[\"Not\u00edcia\"],\"inLanguage\":\"pt-BR\"},{\"@type\":\"WebPage\",\"@id\":\"https:\\\/\\\/itfilmes.com.br\\\/mostrabetim1\\\/abertura-da-mostra-betim\\\/\",\"url\":\"https:\\\/\\\/itfilmes.com.br\\\/mostrabetim1\\\/abertura-da-mostra-betim\\\/\",\"name\":\"Abertura da 1\u00aa Mostra de Cinema de Betim\",\"isPartOf\":{\"@id\":\"https:\\\/\\\/itfilmes.com.br\\\/mostrabetim1\\\/#website\"},\"primaryImageOfPage\":{\"@id\":\"https:\\\/\\\/itfilmes.com.br\\\/mostrabetim1\\\/abertura-da-mostra-betim\\\/#primaryimage\"},\"image\":{\"@id\":\"https:\\\/\\\/itfilmes.com.br\\\/mostrabetim1\\\/abertura-da-mostra-betim\\\/#primaryimage\"},\"thumbnailUrl\":\"https:\\\/\\\/itfilmes.com.br\\\/mostrabetim1\\\/wp-content\\\/uploads\\\/sites\\\/7\\\/2024\\\/05\\\/53708038450_a9a11548e9_b.jpg\",\"datePublished\":\"2024-05-07T19:13:14+00:00\",\"dateModified\":\"2024-05-12T20:41:07+00:00\",\"description\":\"\u00c9 com a sala de cinema cheia de pessoas especiais, que come\u00e7amos a nossa maratona cinematogr\u00e1fica da 1\u00aa MOSTRA DE CINEMA DE BETIM.\",\"breadcrumb\":{\"@id\":\"https:\\\/\\\/itfilmes.com.br\\\/mostrabetim1\\\/abertura-da-mostra-betim\\\/#breadcrumb\"},\"inLanguage\":\"pt-BR\",\"potentialAction\":[{\"@type\":\"ReadAction\",\"target\":[\"https:\\\/\\\/itfilmes.com.br\\\/mostrabetim1\\\/abertura-da-mostra-betim\\\/\"]}]},{\"@type\":\"ImageObject\",\"inLanguage\":\"pt-BR\",\"@id\":\"https:\\\/\\\/itfilmes.com.br\\\/mostrabetim1\\\/abertura-da-mostra-betim\\\/#primaryimage\",\"url\":\"https:\\\/\\\/itfilmes.com.br\\\/mostrabetim1\\\/wp-content\\\/uploads\\\/sites\\\/7\\\/2024\\\/05\\\/53708038450_a9a11548e9_b.jpg\",\"contentUrl\":\"https:\\\/\\\/itfilmes.com.br\\\/mostrabetim1\\\/wp-content\\\/uploads\\\/sites\\\/7\\\/2024\\\/05\\\/53708038450_a9a11548e9_b.jpg\",\"width\":1023,\"height\":682},{\"@type\":\"BreadcrumbList\",\"@id\":\"https:\\\/\\\/itfilmes.com.br\\\/mostrabetim1\\\/abertura-da-mostra-betim\\\/#breadcrumb\",\"itemListElement\":[{\"@type\":\"ListItem\",\"position\":1,\"name\":\"In\u00edcio\",\"item\":\"https:\\\/\\\/itfilmes.com.br\\\/mostrabetim1\\\/\"},{\"@type\":\"ListItem\",\"position\":2,\"name\":\"Abertura da Mostra Betim\"}]},{\"@type\":\"WebSite\",\"@id\":\"https:\\\/\\\/itfilmes.com.br\\\/mostrabetim1\\\/#website\",\"url\":\"https:\\\/\\\/itfilmes.com.br\\\/mostrabetim1\\\/\",\"name\":\"Mostra Betim - IT Filmes\",\"description\":\"Cinema pra todos\",\"publisher\":{\"@id\":\"https:\\\/\\\/itfilmes.com.br\\\/mostrabetim1\\\/#organization\"},\"alternateName\":\"Mostra Betim - IT Filmes\",\"potentialAction\":[{\"@type\":\"SearchAction\",\"target\":{\"@type\":\"EntryPoint\",\"urlTemplate\":\"https:\\\/\\\/itfilmes.com.br\\\/mostrabetim1\\\/?s={search_term_string}\"},\"query-input\":{\"@type\":\"PropertyValueSpecification\",\"valueRequired\":true,\"valueName\":\"search_term_string\"}}],\"inLanguage\":\"pt-BR\"},{\"@type\":\"Organization\",\"@id\":\"https:\\\/\\\/itfilmes.com.br\\\/mostrabetim1\\\/#organization\",\"name\":\"Mostra Betim - IT Filmes\",\"url\":\"https:\\\/\\\/itfilmes.com.br\\\/mostrabetim1\\\/\",\"logo\":{\"@type\":\"ImageObject\",\"inLanguage\":\"pt-BR\",\"@id\":\"https:\\\/\\\/itfilmes.com.br\\\/mostrabetim1\\\/#\\\/schema\\\/logo\\\/image\\\/\",\"url\":\"https:\\\/\\\/itfilmes.com.br\\\/mostrabetim1\\\/wp-content\\\/uploads\\\/sites\\\/7\\\/2024\\\/03\\\/mostra-betim-logo@2x.png\",\"contentUrl\":\"https:\\\/\\\/itfilmes.com.br\\\/mostrabetim1\\\/wp-content\\\/uploads\\\/sites\\\/7\\\/2024\\\/03\\\/mostra-betim-logo@2x.png\",\"width\":908,\"height\":235,\"caption\":\"Mostra Betim - IT Filmes\"},\"image\":{\"@id\":\"https:\\\/\\\/itfilmes.com.br\\\/mostrabetim1\\\/#\\\/schema\\\/logo\\\/image\\\/\"}},{\"@type\":\"Person\",\"@id\":\"https:\\\/\\\/itfilmes.com.br\\\/mostrabetim1\\\/#\\\/schema\\\/person\\\/60af4a433d6a61fe3ac7c3693efc30f8\",\"name\":\"AppIt\",\"image\":{\"@type\":\"ImageObject\",\"inLanguage\":\"pt-BR\",\"@id\":\"https:\\\/\\\/secure.gravatar.com\\\/avatar\\\/0530b27294ab1302f008a9b0e92ff62ac09306ead56aa56b279ba1a0b3cb4aeb?s=96&d=mm&r=g\",\"url\":\"https:\\\/\\\/secure.gravatar.com\\\/avatar\\\/0530b27294ab1302f008a9b0e92ff62ac09306ead56aa56b279ba1a0b3cb4aeb?s=96&d=mm&r=g\",\"contentUrl\":\"https:\\\/\\\/secure.gravatar.com\\\/avatar\\\/0530b27294ab1302f008a9b0e92ff62ac09306ead56aa56b279ba1a0b3cb4aeb?s=96&d=mm&r=g\",\"caption\":\"AppIt\"},\"sameAs\":[\"https:\\\/\\\/itfilmes.com.br\"]}]}<\/script>\n<!-- \/ Yoast SEO plugin. -->","yoast_head_json":{"title":"Abertura da 1\u00aa Mostra de Cinema de Betim","description":"\u00c9 com a sala de cinema cheia de pessoas especiais, que come\u00e7amos a nossa maratona cinematogr\u00e1fica da 1\u00aa MOSTRA DE CINEMA DE BETIM.","robots":{"index":"index","follow":"follow","max-snippet":"max-snippet:-1","max-image-preview":"max-image-preview:large","max-video-preview":"max-video-preview:-1"},"canonical":"https:\/\/itfilmes.com.br\/mostrabetim1\/abertura-da-mostra-betim\/","og_locale":"pt_BR","og_type":"article","og_title":"Abertura da 1\u00aa Mostra de Cinema de Betim","og_description":"\u00c9 com a sala de cinema cheia de pessoas especiais, que come\u00e7amos a nossa maratona cinematogr\u00e1fica da 1\u00aa MOSTRA DE CINEMA DE BETIM.","og_url":"https:\/\/itfilmes.com.br\/mostrabetim1\/abertura-da-mostra-betim\/","og_site_name":"Mostra Betim - 2024","article_published_time":"2024-05-07T19:13:14+00:00","article_modified_time":"2024-05-12T20:41:07+00:00","og_image":[{"width":1023,"height":682,"url":"https:\/\/itfilmes.com.br\/mostrabetim1\/wp-content\/uploads\/sites\/7\/2024\/05\/53708038450_a9a11548e9_b.jpg","type":"image\/jpeg"}],"author":"AppIt","twitter_card":"summary_large_image","schema":{"@context":"https:\/\/schema.org","@graph":[{"@type":"Article","@id":"https:\/\/itfilmes.com.br\/mostrabetim1\/abertura-da-mostra-betim\/#article","isPartOf":{"@id":"https:\/\/itfilmes.com.br\/mostrabetim1\/abertura-da-mostra-betim\/"},"author":{"name":"AppIt","@id":"https:\/\/itfilmes.com.br\/mostrabetim1\/#\/schema\/person\/60af4a433d6a61fe3ac7c3693efc30f8"},"headline":"Abertura da Mostra Betim","datePublished":"2024-05-07T19:13:14+00:00","dateModified":"2024-05-12T20:41:07+00:00","mainEntityOfPage":{"@id":"https:\/\/itfilmes.com.br\/mostrabetim1\/abertura-da-mostra-betim\/"},"wordCount":324,"publisher":{"@id":"https:\/\/itfilmes.com.br\/mostrabetim1\/#organization"},"image":{"@id":"https:\/\/itfilmes.com.br\/mostrabetim1\/abertura-da-mostra-betim\/#primaryimage"},"thumbnailUrl":"https:\/\/itfilmes.com.br\/mostrabetim1\/wp-content\/uploads\/sites\/7\/2024\/05\/53708038450_a9a11548e9_b.jpg","articleSection":["Not\u00edcia"],"inLanguage":"pt-BR"},{"@type":"WebPage","@id":"https:\/\/itfilmes.com.br\/mostrabetim1\/abertura-da-mostra-betim\/","url":"https:\/\/itfilmes.com.br\/mostrabetim1\/abertura-da-mostra-betim\/","name":"Abertura da 1\u00aa Mostra de Cinema de Betim","isPartOf":{"@id":"https:\/\/itfilmes.com.br\/mostrabetim1\/#website"},"primaryImageOfPage":{"@id":"https:\/\/itfilmes.com.br\/mostrabetim1\/abertura-da-mostra-betim\/#primaryimage"},"image":{"@id":"https:\/\/itfilmes.com.br\/mostrabetim1\/abertura-da-mostra-betim\/#primaryimage"},"thumbnailUrl":"https:\/\/itfilmes.com.br\/mostrabetim1\/wp-content\/uploads\/sites\/7\/2024\/05\/53708038450_a9a11548e9_b.jpg","datePublished":"2024-05-07T19:13:14+00:00","dateModified":"2024-05-12T20:41:07+00:00","description":"\u00c9 com a sala de cinema cheia de pessoas especiais, que come\u00e7amos a nossa maratona cinematogr\u00e1fica da 1\u00aa MOSTRA DE CINEMA DE BETIM.","breadcrumb":{"@id":"https:\/\/itfilmes.com.br\/mostrabetim1\/abertura-da-mostra-betim\/#breadcrumb"},"inLanguage":"pt-BR","potentialAction":[{"@type":"ReadAction","target":["https:\/\/itfilmes.com.br\/mostrabetim1\/abertura-da-mostra-betim\/"]}]},{"@type":"ImageObject","inLanguage":"pt-BR","@id":"https:\/\/itfilmes.com.br\/mostrabetim1\/abertura-da-mostra-betim\/#primaryimage","url":"https:\/\/itfilmes.com.br\/mostrabetim1\/wp-content\/uploads\/sites\/7\/2024\/05\/53708038450_a9a11548e9_b.jpg","contentUrl":"https:\/\/itfilmes.com.br\/mostrabetim1\/wp-content\/uploads\/sites\/7\/2024\/05\/53708038450_a9a11548e9_b.jpg","width":1023,"height":682},{"@type":"BreadcrumbList","@id":"https:\/\/itfilmes.com.br\/mostrabetim1\/abertura-da-mostra-betim\/#breadcrumb","itemListElement":[{"@type":"ListItem","position":1,"name":"In\u00edcio","item":"https:\/\/itfilmes.com.br\/mostrabetim1\/"},{"@type":"ListItem","position":2,"name":"Abertura da Mostra Betim"}]},{"@type":"WebSite","@id":"https:\/\/itfilmes.com.br\/mostrabetim1\/#website","url":"https:\/\/itfilmes.com.br\/mostrabetim1\/","name":"Mostra Betim - IT Filmes","description":"Cinema pra todos","publisher":{"@id":"https:\/\/itfilmes.com.br\/mostrabetim1\/#organization"},"alternateName":"Mostra Betim - IT Filmes","potentialAction":[{"@type":"SearchAction","target":{"@type":"EntryPoint","urlTemplate":"https:\/\/itfilmes.com.br\/mostrabetim1\/?s={search_term_string}"},"query-input":{"@type":"PropertyValueSpecification","valueRequired":true,"valueName":"search_term_string"}}],"inLanguage":"pt-BR"},{"@type":"Organization","@id":"https:\/\/itfilmes.com.br\/mostrabetim1\/#organization","name":"Mostra Betim - IT Filmes","url":"https:\/\/itfilmes.com.br\/mostrabetim1\/","logo":{"@type":"ImageObject","inLanguage":"pt-BR","@id":"https:\/\/itfilmes.com.br\/mostrabetim1\/#\/schema\/logo\/image\/","url":"https:\/\/itfilmes.com.br\/mostrabetim1\/wp-content\/uploads\/sites\/7\/2024\/03\/mostra-betim-logo@2x.png","contentUrl":"https:\/\/itfilmes.com.br\/mostrabetim1\/wp-content\/uploads\/sites\/7\/2024\/03\/mostra-betim-logo@2x.png","width":908,"height":235,"caption":"Mostra Betim - IT Filmes"},"image":{"@id":"https:\/\/itfilmes.com.br\/mostrabetim1\/#\/schema\/logo\/image\/"}},{"@type":"Person","@id":"https:\/\/itfilmes.com.br\/mostrabetim1\/#\/schema\/person\/60af4a433d6a61fe3ac7c3693efc30f8","name":"AppIt","image":{"@type":"ImageObject","inLanguage":"pt-BR","@id":"https:\/\/secure.gravatar.com\/avatar\/0530b27294ab1302f008a9b0e92ff62ac09306ead56aa56b279ba1a0b3cb4aeb?s=96&d=mm&r=g","url":"https:\/\/secure.gravatar.com\/avatar\/0530b27294ab1302f008a9b0e92ff62ac09306ead56aa56b279ba1a0b3cb4aeb?s=96&d=mm&r=g","contentUrl":"https:\/\/secure.gravatar.com\/avatar\/0530b27294ab1302f008a9b0e92ff62ac09306ead56aa56b279ba1a0b3cb4aeb?s=96&d=mm&r=g","caption":"AppIt"},"sameAs":["https:\/\/itfilmes.com.br"]}]}},"_links":{"self":[{"href":"https:\/\/itfilmes.com.br\/mostrabetim1\/wp-json\/wp\/v2\/posts\/3392","targetHints":{"allow":["GET"]}}],"collection":[{"href":"https:\/\/itfilmes.com.br\/mostrabetim1\/wp-json\/wp\/v2\/posts"}],"about":[{"href":"https:\/\/itfilmes.com.br\/mostrabetim1\/wp-json\/wp\/v2\/types\/post"}],"author":[{"embeddable":true,"href":"https:\/\/itfilmes.com.br\/mostrabetim1\/wp-json\/wp\/v2\/users\/1"}],"replies":[{"embeddable":true,"href":"https:\/\/itfilmes.com.br\/mostrabetim1\/wp-json\/wp\/v2\/comments?post=3392"}],"version-history":[{"count":26,"href":"https:\/\/itfilmes.com.br\/mostrabetim1\/wp-json\/wp\/v2\/posts\/3392\/revisions"}],"predecessor-version":[{"id":3564,"href":"https:\/\/itfilmes.com.br\/mostrabetim1\/wp-json\/wp\/v2\/posts\/3392\/revisions\/3564"}],"wp:featuredmedia":[{"embeddable":true,"href":"https:\/\/itfilmes.com.br\/mostrabetim1\/wp-json\/wp\/v2\/media\/3399"}],"wp:attachment":[{"href":"https:\/\/itfilmes.com.br\/mostrabetim1\/wp-json\/wp\/v2\/media?parent=3392"}],"wp:term":[{"taxonomy":"category","embeddable":true,"href":"https:\/\/itfilmes.com.br\/mostrabetim1\/wp-json\/wp\/v2\/categories?post=3392"},{"taxonomy":"post_tag","embeddable":true,"href":"https:\/\/itfilmes.com.br\/mostrabetim1\/wp-json\/wp\/v2\/tags?post=3392"}],"curies":[{"name":"wp","href":"https:\/\/api.w.org\/{rel}","templated":true}]}}