{"id":4147,"date":"2024-11-28T06:21:39","date_gmt":"2024-11-28T09:21:39","guid":{"rendered":"https:\/\/itfilmes.com.br\/mostrabetim1\/?p=4147"},"modified":"2024-11-28T06:34:44","modified_gmt":"2024-11-28T09:34:44","slug":"mostra-de-cinema-de-betim-realiza-itinerancia-no-mes-de-novembro","status":"publish","type":"post","link":"https:\/\/itfilmes.com.br\/mostrabetim1\/mostra-de-cinema-de-betim-realiza-itinerancia-no-mes-de-novembro\/","title":{"rendered":"Mostra de Cinema de Betim realiza itiner\u00e2ncia no m\u00eas de novembro"},"content":{"rendered":"\n<h3 class=\"wp-block-heading\">A<strong> \u201cMostra Betim &#8211; Cinema Itinerante\u201d, <\/strong>realiza nos dias 27 e 28 de novembro de 2024, sess\u00f5es gratuitas de filmes brasileiros nas regi\u00f5es do PTB e Imbiru\u00e7u, em Betim.<\/h3>\n\n\n\n<p>No dia 27 acontece a \u201c<strong>Sess\u00e3o Betim\u201d, <\/strong>com exibi\u00e7\u00e3o do document\u00e1rio &#8220;Betim Viva&#8221;, em homenagem \u00e0 cidade,\u00a0 que completa no dia 17 de dezembro, deste ano, 86 anos de emancipa\u00e7\u00e3o, e do longa-metragem\u00a0 <strong>&#8220;My Name is Now, Elza Soares&#8221;,<\/strong> em\u00a0 <strong>comemora\u00e7\u00e3o aos 15 anos da IT Filmes, <\/strong>produtora do filme,\u00a0 fundada em 2009<strong> <\/strong>no Munic\u00edpio<strong>. <\/strong>Al\u00e9m disso, \u00a0 acontecem rodadas de pipoca e m\u00fasica com o Dj Tula Black e MC Tedverso, a partir das 18 horas. Os ingressos devem ser retirados, anteriormente, na secretaria da<strong> Escola Municipal Edir Teresinha,<\/strong>\u00a0 no bairro Guanabara, onde acontece o evento.<\/p>\n\n\n\n<figure class=\"wp-block-gallery alignwide has-nested-images columns-default is-cropped wp-block-gallery-1 is-layout-flex wp-block-gallery-is-layout-flex\">\n<figure data-wp-context=\"{&quot;imageId&quot;:&quot;69ee5866a13da&quot;}\" data-wp-interactive=\"core\/image\" data-wp-key=\"69ee5866a13da\" class=\"wp-block-image size-medium wp-lightbox-container\"><img fetchpriority=\"high\" decoding=\"async\" width=\"300\" height=\"300\" data-wp-class--hide=\"state.isContentHidden\" data-wp-class--show=\"state.isContentVisible\" data-wp-init=\"callbacks.setButtonStyles\" data-wp-on--click=\"actions.showLightbox\" data-wp-on--load=\"callbacks.setButtonStyles\" data-wp-on-window--resize=\"callbacks.setButtonStyles\" data-id=\"4154\" src=\"https:\/\/itfilmes.com.br\/mostrabetim1\/wp-content\/uploads\/sites\/7\/2024\/11\/My-Name-is-Now-Elza-Soares-foto-Elizabete-Martins-Campos-1-300x300.png\" alt=\"\" class=\"wp-image-4154\" srcset=\"https:\/\/itfilmes.com.br\/mostrabetim1\/wp-content\/uploads\/sites\/7\/2024\/11\/My-Name-is-Now-Elza-Soares-foto-Elizabete-Martins-Campos-1-300x300.png 300w, https:\/\/itfilmes.com.br\/mostrabetim1\/wp-content\/uploads\/sites\/7\/2024\/11\/My-Name-is-Now-Elza-Soares-foto-Elizabete-Martins-Campos-1-1024x1024.png 1024w, https:\/\/itfilmes.com.br\/mostrabetim1\/wp-content\/uploads\/sites\/7\/2024\/11\/My-Name-is-Now-Elza-Soares-foto-Elizabete-Martins-Campos-1-150x150.png 150w, https:\/\/itfilmes.com.br\/mostrabetim1\/wp-content\/uploads\/sites\/7\/2024\/11\/My-Name-is-Now-Elza-Soares-foto-Elizabete-Martins-Campos-1-768x768.png 768w\" sizes=\"(max-width: 300px) 100vw, 300px\" \/><button\n\t\t\tclass=\"lightbox-trigger\"\n\t\t\ttype=\"button\"\n\t\t\taria-haspopup=\"dialog\"\n\t\t\taria-label=\"Ampliar\"\n\t\t\tdata-wp-init=\"callbacks.initTriggerButton\"\n\t\t\tdata-wp-on--click=\"actions.showLightbox\"\n\t\t\tdata-wp-style--right=\"state.imageButtonRight\"\n\t\t\tdata-wp-style--top=\"state.imageButtonTop\"\n\t\t>\n\t\t\t<svg xmlns=\"http:\/\/www.w3.org\/2000\/svg\" width=\"12\" height=\"12\" fill=\"none\" viewBox=\"0 0 12 12\">\n\t\t\t\t<path fill=\"#fff\" d=\"M2 0a2 2 0 0 0-2 2v2h1.5V2a.5.5 0 0 1 .5-.5h2V0H2Zm2 10.5H2a.5.5 0 0 1-.5-.5V8H0v2a2 2 0 0 0 2 2h2v-1.5ZM8 12v-1.5h2a.5.5 0 0 0 .5-.5V8H12v2a2 2 0 0 1-2 2H8Zm2-12a2 2 0 0 1 2 2v2h-1.5V2a.5.5 0 0 0-.5-.5H8V0h2Z\" \/>\n\t\t\t<\/svg>\n\t\t<\/button><\/figure>\n\n\n\n<figure data-wp-context=\"{&quot;imageId&quot;:&quot;69ee5866a1842&quot;}\" data-wp-interactive=\"core\/image\" data-wp-key=\"69ee5866a1842\" class=\"wp-block-image size-medium wp-lightbox-container\"><img decoding=\"async\" width=\"300\" height=\"300\" data-wp-class--hide=\"state.isContentHidden\" data-wp-class--show=\"state.isContentVisible\" data-wp-init=\"callbacks.setButtonStyles\" data-wp-on--click=\"actions.showLightbox\" data-wp-on--load=\"callbacks.setButtonStyles\" data-wp-on-window--resize=\"callbacks.setButtonStyles\" data-id=\"3652\" src=\"https:\/\/itfilmes.com.br\/mostrabetim1\/wp-content\/uploads\/sites\/7\/2024\/07\/flores-de-ipe-300x300.webp\" alt=\"\" class=\"wp-image-3652\" srcset=\"https:\/\/itfilmes.com.br\/mostrabetim1\/wp-content\/uploads\/sites\/7\/2024\/07\/flores-de-ipe-300x300.webp 300w, https:\/\/itfilmes.com.br\/mostrabetim1\/wp-content\/uploads\/sites\/7\/2024\/07\/flores-de-ipe-150x150.webp 150w, https:\/\/itfilmes.com.br\/mostrabetim1\/wp-content\/uploads\/sites\/7\/2024\/07\/flores-de-ipe-768x768.webp 768w\" sizes=\"(max-width: 300px) 100vw, 300px\" \/><button\n\t\t\tclass=\"lightbox-trigger\"\n\t\t\ttype=\"button\"\n\t\t\taria-haspopup=\"dialog\"\n\t\t\taria-label=\"Ampliar\"\n\t\t\tdata-wp-init=\"callbacks.initTriggerButton\"\n\t\t\tdata-wp-on--click=\"actions.showLightbox\"\n\t\t\tdata-wp-style--right=\"state.imageButtonRight\"\n\t\t\tdata-wp-style--top=\"state.imageButtonTop\"\n\t\t>\n\t\t\t<svg xmlns=\"http:\/\/www.w3.org\/2000\/svg\" width=\"12\" height=\"12\" fill=\"none\" viewBox=\"0 0 12 12\">\n\t\t\t\t<path fill=\"#fff\" d=\"M2 0a2 2 0 0 0-2 2v2h1.5V2a.5.5 0 0 1 .5-.5h2V0H2Zm2 10.5H2a.5.5 0 0 1-.5-.5V8H0v2a2 2 0 0 0 2 2h2v-1.5ZM8 12v-1.5h2a.5.5 0 0 0 .5-.5V8H12v2a2 2 0 0 1-2 2H8Zm2-12a2 2 0 0 1 2 2v2h-1.5V2a.5.5 0 0 0-.5-.5H8V0h2Z\" \/>\n\t\t\t<\/svg>\n\t\t<\/button><\/figure>\n<\/figure>\n\n\n\n<p>J\u00e1 no dia 28, de novembro, a Mostra acontece na Regi\u00e3o do Imbiru\u00e7u, com exibi\u00e7\u00e3o\u00a0 do longa-metragem de anima\u00e7\u00e3o <strong>&#8220;Placa M\u00e3e&#8221;<\/strong>,\u00a0 e dos curtas betinenses, \u201c<strong>Meu Av\u00f4 &#8211; Campe\u00e3o do Gelo\u201d e \u201cA\u00a0 Maksra&#8221;, <\/strong>al\u00e9m de<strong> curtinhas resultados de oficinas audiovisuais da IT Filmes, junto \u00e0 estudantes de Betim. <\/strong>Neste dia, as atividades s\u00e3o voltadas somente para alunos da Escola Municipal Maria de Lourdes de Oliveira, onde o evento acontece.<\/p>\n\n\n\n<figure class=\"wp-block-gallery alignwide has-nested-images columns-default is-cropped wp-block-gallery-2 is-layout-flex wp-block-gallery-is-layout-flex\">\n<figure data-wp-context=\"{&quot;imageId&quot;:&quot;69ee5866a2350&quot;}\" data-wp-interactive=\"core\/image\" data-wp-key=\"69ee5866a2350\" class=\"wp-block-image size-medium wp-lightbox-container\"><img decoding=\"async\" width=\"300\" height=\"300\" data-wp-class--hide=\"state.isContentHidden\" data-wp-class--show=\"state.isContentVisible\" data-wp-init=\"callbacks.setButtonStyles\" data-wp-on--click=\"actions.showLightbox\" data-wp-on--load=\"callbacks.setButtonStyles\" data-wp-on-window--resize=\"callbacks.setButtonStyles\" data-id=\"4150\" src=\"https:\/\/itfilmes.com.br\/mostrabetim1\/wp-content\/uploads\/sites\/7\/2024\/11\/Meu-Avo-Campeao-do-Gelo_Divulgacao-02-300x300.jpg\" alt=\"\" class=\"wp-image-4150\" srcset=\"https:\/\/itfilmes.com.br\/mostrabetim1\/wp-content\/uploads\/sites\/7\/2024\/11\/Meu-Avo-Campeao-do-Gelo_Divulgacao-02-300x300.jpg 300w, https:\/\/itfilmes.com.br\/mostrabetim1\/wp-content\/uploads\/sites\/7\/2024\/11\/Meu-Avo-Campeao-do-Gelo_Divulgacao-02-1024x1024.jpg 1024w, https:\/\/itfilmes.com.br\/mostrabetim1\/wp-content\/uploads\/sites\/7\/2024\/11\/Meu-Avo-Campeao-do-Gelo_Divulgacao-02-150x150.jpg 150w, https:\/\/itfilmes.com.br\/mostrabetim1\/wp-content\/uploads\/sites\/7\/2024\/11\/Meu-Avo-Campeao-do-Gelo_Divulgacao-02-768x768.jpg 768w\" sizes=\"(max-width: 300px) 100vw, 300px\" \/><button\n\t\t\tclass=\"lightbox-trigger\"\n\t\t\ttype=\"button\"\n\t\t\taria-haspopup=\"dialog\"\n\t\t\taria-label=\"Ampliar\"\n\t\t\tdata-wp-init=\"callbacks.initTriggerButton\"\n\t\t\tdata-wp-on--click=\"actions.showLightbox\"\n\t\t\tdata-wp-style--right=\"state.imageButtonRight\"\n\t\t\tdata-wp-style--top=\"state.imageButtonTop\"\n\t\t>\n\t\t\t<svg xmlns=\"http:\/\/www.w3.org\/2000\/svg\" width=\"12\" height=\"12\" fill=\"none\" viewBox=\"0 0 12 12\">\n\t\t\t\t<path fill=\"#fff\" d=\"M2 0a2 2 0 0 0-2 2v2h1.5V2a.5.5 0 0 1 .5-.5h2V0H2Zm2 10.5H2a.5.5 0 0 1-.5-.5V8H0v2a2 2 0 0 0 2 2h2v-1.5ZM8 12v-1.5h2a.5.5 0 0 0 .5-.5V8H12v2a2 2 0 0 1-2 2H8Zm2-12a2 2 0 0 1 2 2v2h-1.5V2a.5.5 0 0 0-.5-.5H8V0h2Z\" \/>\n\t\t\t<\/svg>\n\t\t<\/button><\/figure>\n\n\n\n<figure data-wp-context=\"{&quot;imageId&quot;:&quot;69ee5866a2751&quot;}\" data-wp-interactive=\"core\/image\" data-wp-key=\"69ee5866a2751\" class=\"wp-block-image size-medium wp-lightbox-container\"><img loading=\"lazy\" decoding=\"async\" width=\"300\" height=\"300\" data-wp-class--hide=\"state.isContentHidden\" data-wp-class--show=\"state.isContentVisible\" data-wp-init=\"callbacks.setButtonStyles\" data-wp-on--click=\"actions.showLightbox\" data-wp-on--load=\"callbacks.setButtonStyles\" data-wp-on-window--resize=\"callbacks.setButtonStyles\" data-id=\"2976\" src=\"https:\/\/itfilmes.com.br\/mostrabetim1\/wp-content\/uploads\/sites\/7\/2024\/04\/A-MAKSRA-Cartaz-300x300.jpg\" alt=\"A Maksra\" class=\"wp-image-2976\" srcset=\"https:\/\/itfilmes.com.br\/mostrabetim1\/wp-content\/uploads\/sites\/7\/2024\/04\/A-MAKSRA-Cartaz-300x300.jpg 300w, https:\/\/itfilmes.com.br\/mostrabetim1\/wp-content\/uploads\/sites\/7\/2024\/04\/A-MAKSRA-Cartaz-1024x1024.jpg 1024w, https:\/\/itfilmes.com.br\/mostrabetim1\/wp-content\/uploads\/sites\/7\/2024\/04\/A-MAKSRA-Cartaz-150x150.jpg 150w, https:\/\/itfilmes.com.br\/mostrabetim1\/wp-content\/uploads\/sites\/7\/2024\/04\/A-MAKSRA-Cartaz-768x768.jpg 768w\" sizes=\"(max-width: 300px) 100vw, 300px\" \/><button\n\t\t\tclass=\"lightbox-trigger\"\n\t\t\ttype=\"button\"\n\t\t\taria-haspopup=\"dialog\"\n\t\t\taria-label=\"Ampliar\"\n\t\t\tdata-wp-init=\"callbacks.initTriggerButton\"\n\t\t\tdata-wp-on--click=\"actions.showLightbox\"\n\t\t\tdata-wp-style--right=\"state.imageButtonRight\"\n\t\t\tdata-wp-style--top=\"state.imageButtonTop\"\n\t\t>\n\t\t\t<svg xmlns=\"http:\/\/www.w3.org\/2000\/svg\" width=\"12\" height=\"12\" fill=\"none\" viewBox=\"0 0 12 12\">\n\t\t\t\t<path fill=\"#fff\" d=\"M2 0a2 2 0 0 0-2 2v2h1.5V2a.5.5 0 0 1 .5-.5h2V0H2Zm2 10.5H2a.5.5 0 0 1-.5-.5V8H0v2a2 2 0 0 0 2 2h2v-1.5ZM8 12v-1.5h2a.5.5 0 0 0 .5-.5V8H12v2a2 2 0 0 1-2 2H8Zm2-12a2 2 0 0 1 2 2v2h-1.5V2a.5.5 0 0 0-.5-.5H8V0h2Z\" \/>\n\t\t\t<\/svg>\n\t\t<\/button><\/figure>\n<\/figure>\n\n\n\n<p>\u201cNesta edi\u00e7\u00e3o especial de itiner\u00e2ncia, a Mostra \u00e9 parceira do projeto <strong>\u201cCaminhar com Igualdade\u201d, <\/strong>a ideia \u00e9 colaborar para ajudar a divulgar este trabalho social, cultural e esportivo que tem feito toda a diferen\u00e7a na vida da comunidade em Betim. <strong>&nbsp;<\/strong>O<strong> <\/strong>idealizador e diretor da Institui\u00e7\u00e3o, Marcelo Soares e alunos apresentam no evento os trabalhos da entidade, localizada no Jardim Santa Cruz, mesmo bairro onde fica a Escola, onde acontece a Mostra no dia 28, a sede da Institui\u00e7\u00e3o e da IT FIlmes.<\/p>\n\n\n\n<p>\u201cVejo que o futuro de Betim tende a ser marcado por uma expans\u00e3o na produ\u00e7\u00e3o de filmes e projetos audiovisuais locais, por diferentes agentes, com a possibilidade de estreitar diferentes parcerias e promover ainda mais talentos locais no cen\u00e1rio nacional e internacional, gerando impacto cultural, social e econ\u00f4mico, cada vez mais relevante para Regi\u00e3o Metropolitana de Belo Horizonte.&#8221;, comenta Elizabete Martins Campos, idealizadora da Mostra.<\/p>\n\n\n\n<p>A \u201cMostra Betim &#8211; Cinema Itinerante\u201d \u00e9 realizada pela IT Filmes, por meio do edital da Lei Paulo Gustavo, do Minist\u00e9rio da Cultura, Governo Federal e Prefeitura de Betim. O evento conta com parceria com o projeto Caminhar com igualdade, E.M Edir Terezinha, E.M&nbsp; Maria de Lourdes de Oliveira.&nbsp;<\/p>\n\n\n\n<p><strong>Mais informa\u00e7\u00f5es: <a href=\"https:\/\/itfilmes.com.br\/cinemaitinerante\/\">www.itfilmes.com.br\/cinemaitinerante\/<\/a><\/strong><\/p>\n\n\n\n<div style=\"height:50px\" aria-hidden=\"true\" class=\"wp-block-spacer\"><\/div>\n\n\n\n<h2 class=\"wp-block-heading\">PROGRAMA\u00c7\u00c3O <br><strong>MOSTRA BETIM &#8211; CINEMA ITINERANTE<\/strong><\/h2>\n\n\n\n<pre class=\"wp-block-verse has-medium-font-size\"><code><strong>REGI\u00c3O PTB\u00a0. 27\/11\/2024\u00a0<\/strong><br>Local: Av. Padre Airton Freire de Lima, 180 - Guanabara, Betim\u00a0<br>Escola Municipal Edir Terezinha <br>Hor\u00e1rio: <strong>18h \u00e0s 22h <\/strong><\/code><\/pre>\n\n\n\n<p><strong>18 HORAS<\/strong><br>Discotecagem Tula Black, MC Tedverso, Dance, Pipoca<\/p>\n\n\n\n<p><strong>18h30 &#8211; SESS\u00c3O CURTINHAS<\/strong><br>Curtas resultados de oficinas audiovisuais realizadas pela IT Filmes com estudantes de Betim.<\/p>\n\n\n\n<p><strong>19H &#8211; ABERTURA\u00a0<\/strong><br>Apresenta\u00e7\u00e3o da <strong>MOSTRA BETIM &#8211; CINEMA ITINERANTE<\/strong>, dos filmes a serem exibidos e bate-papo com a cineasta e jornalista Elizabete Martins Campos idealizadora do projeto.<\/p>\n\n\n\n<p><strong>19h10-\u00a0 SESS\u00c3O BETIM\u00a0<\/strong><br>Homenagem aos 86 anos de Betim, completados em 2024, no dia 17 de dezembro, data que a cidade emancipou em 1938.<\/p>\n\n\n\n<p><strong>BETIM VIVA &#8211; DOCUMENT\u00c1RIO<\/strong><br>(68 min, 2024, Dire\u00e7\u00e3o: Elizabete Martins Campos)<\/p>\n\n\n\n<p>A\u00a0 tessitura de um povo e a forma\u00e7\u00e3o de uma cidade.\u00a0 &#8220;Betim Viva&#8221; \u00e9\u00a0 um document\u00e1rio filmado com antigos e novos moradores, historiadores, pesquisadores e profissionais das \u00e1reas culturais, ambientais, com documenta\u00e7\u00e3o da fauna, flora, recursos h\u00eddricos, paisagens, tradi\u00e7\u00f5es, costumes, oralidades, riquezas humanas, culturais e art\u00edsticas da cidade de Betim, em Minas Gerais, Brasil.\u00a0<\/p>\n\n\n\n<p>Classifica\u00e7\u00e3o: Livre para todos os p\u00fablicos<\/p>\n\n\n\n<p><strong>20H30 &#8211; RODADA DE PIPOCA + DISCOTECAGEM DJ TULA BLACK<\/strong><\/p>\n\n\n\n<p><strong>SESS\u00c3O COMEMORA\u00c7\u00c3O 15 ANOS DE IT FILMES<\/strong><\/p>\n\n\n\n<p><strong>20H45 &#8211; &#8220;MY NAME IS NOW, ELZA SOARES&#8221;<\/strong><br>(73 min, 2018, Dire\u00e7\u00e3o: Elizabete Martins Campos)<\/p>\n\n\n\n<p>Elza chega em casa e cara a cara, diante do espelho\/c\u00e2mera, nos desafia numa saga, que ultrapassa o tempo, espa\u00e7o, preconceitos, perdas e sucesso. Mas ela \u00e9 dura na queda, num rito, ao mesmo tempo fr\u00e1gil e forte, real e sobrenatural, incorporada de ancestralidades brasileiras, como uma f\u00eanix transcende em m\u00fasica e canta gloriosamente. Um filme ensaio sobre o Brasil, da diretora Elizabete Martins Campos, com a cantora, compositora e atriz brasileira Elza Soares.<\/p>\n\n\n\n<p>Classifica\u00e7\u00e3o: N\u00e3o recomendado para menores de 12 anos<\/p>\n\n\n\n<p><strong>22H &#8211; AGRADECIMENTOS E ENCERRAMENTO<\/strong><\/p>\n\n\n\n<pre class=\"wp-block-verse has-medium-font-size\"><code><strong>REGI\u00c3O IMBIRU\u00c7U\u00a0. 28\/11\/2024\u00a0<\/strong><br>Local: R. Rio Negro, 1213 - Jardim Santa Cruz , Betim\u00a0<br>Escola Municipal Maria de Lourdes de Oliveira <br>Hor\u00e1rio: <strong>13h \u00e0s 17h<\/strong> <\/code><\/pre>\n\n\n\n<p><strong>13 horas<\/strong> &#8211; <strong>ABERTURA<\/strong><br>Apresenta\u00e7\u00e3o dos projetos:\u00a0<\/p>\n\n\n\n<p><strong>&gt;&gt;&gt; MOSTRA BETIM &#8211; CINEMA ITINERANTE realizado pela iT FILMES&nbsp;<\/strong><\/p>\n\n\n\n<p><strong>&gt;&gt;&gt; CAMINHAR COM IGUALDADE <\/strong>com apresenta\u00e7\u00e3o musical de alunos e&nbsp; presen\u00e7a do idealizador e diretor da Institui\u00e7\u00e3o, Marcelo Soares da Silva, que realiza trabalhos volunt\u00e1rios sociais, culturais e esportivos junto a crian\u00e7as e adolescentes do bairro Jardim Santa Cruz.<\/p>\n\n\n\n<p><strong>>>><\/strong> Apresenta\u00e7\u00e3o do longa-metragem <strong>&#8220;PLACA M\u00c3E&#8221;<\/strong> e bate-papo com o diretor do filme e fundador da Espacial Filmes, Igor Bastos.<\/p>\n\n\n\n<p><strong>13h30 &#8211; PLACA M\u00c3E,<\/strong> LONGA-METRAGEM &#8211; ANIMA\u00c7\u00c3O\u00a0<br>(105 min, 2023, Dire\u00e7\u00e3o: Igor Bastos)<\/p>\n\n\n\n<p>Nadi \u00e9 uma andr\u00f3ide com cidadania, que ganha o direito de adotar duas crian\u00e7as, David e Lina. Por\u00e9m, um pol\u00edtico e digital influencer sensacionalista, cria diversas pol\u00eamicas sobre o caso, com o intuito de ganhar popularidade para sua candidatura de presidente do senado. Um mal entendido leva David a fugir e viver algumas aventuras, consequentemente Nadi tem que decidir entre ficar com a sua cidadania ou avisar sobre a fuga \u00e0s autoridades.<\/p>\n\n\n\n<p>Classifica\u00e7\u00e3o: Livre para todos os p\u00fablicos<\/p>\n\n\n\n<p><strong>15h15 &#8211; Rodada de pipoca + discotecagem&nbsp;<\/strong><\/p>\n\n\n\n<p><strong>15H35 &#8211; SESS\u00c3O CURTAS BETIM<\/strong><br>Apresenta\u00e7\u00e3o do filme pelos diretores Bernardo Franco e Bernardo Silvino<\/p>\n\n\n\n<p><strong>MEU AV\u00d4 &#8211; CAMPE\u00c3O DO GELO &#8211; DOCUMENT\u00c1RIO<\/strong><br>(25min, 2024, Dire\u00e7\u00e3o Bernardo Franco e Bernardo Silvino)<\/p>\n\n\n\n<p>O filme reconstr\u00f3i a trajet\u00f3ria de Jacinto Franco do Amaral, o Moreno, ex-jogador betinense do Clube Atl\u00e9tico Mineiro (CAM) e um dos craques a participar da mais afetuosa das conquistas do Galo, que, na d\u00e9cada de 1950, sagrou-se o primeiro plantel brasileiro a lutar \u2013 e vencer \u2013 nos g\u00e9lidos gramados europeus. Enquanto o neto Bernardo se (re)descobre, ao desvendar e abra\u00e7ar o \u00eddolo, o homem, o av\u00f4, atleticanos de todas as idades reconectam-se, frame a frame, \u00e0s gl\u00f3rias alvinegras, ao ver e ouvir a grandiosa singeleza do relato de amores e amigos de Jacinto.<\/p>\n\n\n\n<p>Classifica\u00e7\u00e3o: Livre para todos os p\u00fablicos<\/p>\n\n\n\n<p><strong>16H10: DEBATE COM OS DIRETORES BERNARDO FRANCO E BERNARDO SILVINO<\/strong><\/p>\n\n\n\n<p><strong>16H35 A MAKSRA &#8211; EXPERIMENTAL<\/strong><br>(8 min, 2021, Dire\u00e7\u00e3o: Marlon Tinoco)<\/p>\n\n\n\n<p>Enquanto faz seus exerc\u00edcios matinais, um rapaz acaba se deparando com uma figura intrigante usando uma m\u00e1scara, que repete seus movimentos. Ao perder um desafio, o rapaz parece ser perseguido pela figura, o obrigando a se aventurar em um terror surrealista. Curta realizado para a disciplina de Arte e M\u00eddia I e Cor Forma e Composi\u00e7\u00e3o da Imagem Digital, do curso de Cinema de Anima\u00e7\u00e3o e Artes Digitais da UFMG.<\/p>\n\n\n\n<p>Classifica\u00e7\u00e3o indicativa: Livre para todos os p\u00fablicos<\/p>\n\n\n\n<p><strong>16H45 &#8211; AGRADECIMENTOS E ENCERRAMENTO<\/strong><\/p>\n\n\n\n<figure class=\"wp-block-gallery has-nested-images columns-default is-cropped wp-block-gallery-3 is-layout-flex wp-block-gallery-is-layout-flex\">\n<figure data-wp-context=\"{&quot;imageId&quot;:&quot;69ee5866a34ea&quot;}\" data-wp-interactive=\"core\/image\" data-wp-key=\"69ee5866a34ea\" class=\"wp-block-image size-full wp-lightbox-container\"><img loading=\"lazy\" decoding=\"async\" width=\"1754\" height=\"2481\" data-wp-class--hide=\"state.isContentHidden\" data-wp-class--show=\"state.isContentVisible\" data-wp-init=\"callbacks.setButtonStyles\" data-wp-on--click=\"actions.showLightbox\" data-wp-on--load=\"callbacks.setButtonStyles\" data-wp-on-window--resize=\"callbacks.setButtonStyles\" data-id=\"4151\" src=\"https:\/\/itfilmes.com.br\/mostrabetim1\/wp-content\/uploads\/sites\/7\/2024\/11\/cartaz-Betim-Viva-01.05.24.png\" alt=\"\" class=\"wp-image-4151\" srcset=\"https:\/\/itfilmes.com.br\/mostrabetim1\/wp-content\/uploads\/sites\/7\/2024\/11\/cartaz-Betim-Viva-01.05.24.png 1754w, https:\/\/itfilmes.com.br\/mostrabetim1\/wp-content\/uploads\/sites\/7\/2024\/11\/cartaz-Betim-Viva-01.05.24-1086x1536.png 1086w, https:\/\/itfilmes.com.br\/mostrabetim1\/wp-content\/uploads\/sites\/7\/2024\/11\/cartaz-Betim-Viva-01.05.24-1448x2048.png 1448w, https:\/\/itfilmes.com.br\/mostrabetim1\/wp-content\/uploads\/sites\/7\/2024\/11\/cartaz-Betim-Viva-01.05.24-200x283.png 200w\" sizes=\"(max-width: 1754px) 100vw, 1754px\" \/><button\n\t\t\tclass=\"lightbox-trigger\"\n\t\t\ttype=\"button\"\n\t\t\taria-haspopup=\"dialog\"\n\t\t\taria-label=\"Ampliar\"\n\t\t\tdata-wp-init=\"callbacks.initTriggerButton\"\n\t\t\tdata-wp-on--click=\"actions.showLightbox\"\n\t\t\tdata-wp-style--right=\"state.imageButtonRight\"\n\t\t\tdata-wp-style--top=\"state.imageButtonTop\"\n\t\t>\n\t\t\t<svg xmlns=\"http:\/\/www.w3.org\/2000\/svg\" width=\"12\" height=\"12\" fill=\"none\" viewBox=\"0 0 12 12\">\n\t\t\t\t<path fill=\"#fff\" d=\"M2 0a2 2 0 0 0-2 2v2h1.5V2a.5.5 0 0 1 .5-.5h2V0H2Zm2 10.5H2a.5.5 0 0 1-.5-.5V8H0v2a2 2 0 0 0 2 2h2v-1.5ZM8 12v-1.5h2a.5.5 0 0 0 .5-.5V8H12v2a2 2 0 0 1-2 2H8Zm2-12a2 2 0 0 1 2 2v2h-1.5V2a.5.5 0 0 0-.5-.5H8V0h2Z\" \/>\n\t\t\t<\/svg>\n\t\t<\/button><\/figure>\n\n\n\n<figure data-wp-context=\"{&quot;imageId&quot;:&quot;69ee5866a3a72&quot;}\" data-wp-interactive=\"core\/image\" data-wp-key=\"69ee5866a3a72\" class=\"wp-block-image size-full wp-lightbox-container\"><img loading=\"lazy\" decoding=\"async\" width=\"1080\" height=\"1908\" data-wp-class--hide=\"state.isContentHidden\" data-wp-class--show=\"state.isContentVisible\" data-wp-init=\"callbacks.setButtonStyles\" data-wp-on--click=\"actions.showLightbox\" data-wp-on--load=\"callbacks.setButtonStyles\" data-wp-on-window--resize=\"callbacks.setButtonStyles\" data-id=\"2744\" src=\"https:\/\/itfilmes.com.br\/mostrabetim1\/wp-content\/uploads\/sites\/7\/2024\/04\/my-name-is-now-elza-soares.jpg\" alt=\"My name is now, Elza Soares\" class=\"wp-image-2744\" srcset=\"https:\/\/itfilmes.com.br\/mostrabetim1\/wp-content\/uploads\/sites\/7\/2024\/04\/my-name-is-now-elza-soares.jpg 1080w, https:\/\/itfilmes.com.br\/mostrabetim1\/wp-content\/uploads\/sites\/7\/2024\/04\/my-name-is-now-elza-soares-869x1536.jpg 869w, https:\/\/itfilmes.com.br\/mostrabetim1\/wp-content\/uploads\/sites\/7\/2024\/04\/my-name-is-now-elza-soares-200x353.jpg 200w\" sizes=\"(max-width: 1080px) 100vw, 1080px\" \/><button\n\t\t\tclass=\"lightbox-trigger\"\n\t\t\ttype=\"button\"\n\t\t\taria-haspopup=\"dialog\"\n\t\t\taria-label=\"Ampliar\"\n\t\t\tdata-wp-init=\"callbacks.initTriggerButton\"\n\t\t\tdata-wp-on--click=\"actions.showLightbox\"\n\t\t\tdata-wp-style--right=\"state.imageButtonRight\"\n\t\t\tdata-wp-style--top=\"state.imageButtonTop\"\n\t\t>\n\t\t\t<svg xmlns=\"http:\/\/www.w3.org\/2000\/svg\" width=\"12\" height=\"12\" fill=\"none\" viewBox=\"0 0 12 12\">\n\t\t\t\t<path fill=\"#fff\" d=\"M2 0a2 2 0 0 0-2 2v2h1.5V2a.5.5 0 0 1 .5-.5h2V0H2Zm2 10.5H2a.5.5 0 0 1-.5-.5V8H0v2a2 2 0 0 0 2 2h2v-1.5ZM8 12v-1.5h2a.5.5 0 0 0 .5-.5V8H12v2a2 2 0 0 1-2 2H8Zm2-12a2 2 0 0 1 2 2v2h-1.5V2a.5.5 0 0 0-.5-.5H8V0h2Z\" \/>\n\t\t\t<\/svg>\n\t\t<\/button><\/figure>\n\n\n\n<figure data-wp-context=\"{&quot;imageId&quot;:&quot;69ee5866a3ee7&quot;}\" data-wp-interactive=\"core\/image\" data-wp-key=\"69ee5866a3ee7\" class=\"wp-block-image size-large wp-lightbox-container\"><img loading=\"lazy\" decoding=\"async\" width=\"1024\" height=\"1024\" data-wp-class--hide=\"state.isContentHidden\" data-wp-class--show=\"state.isContentVisible\" data-wp-init=\"callbacks.setButtonStyles\" data-wp-on--click=\"actions.showLightbox\" data-wp-on--load=\"callbacks.setButtonStyles\" data-wp-on-window--resize=\"callbacks.setButtonStyles\" data-id=\"4170\" src=\"https:\/\/itfilmes.com.br\/mostrabetim1\/wp-content\/uploads\/sites\/7\/2024\/11\/A-MAKSRA-Cartaz-1024x1024.webp\" alt=\"\" class=\"wp-image-4170\" srcset=\"https:\/\/itfilmes.com.br\/mostrabetim1\/wp-content\/uploads\/sites\/7\/2024\/11\/A-MAKSRA-Cartaz-1024x1024.webp 1024w, https:\/\/itfilmes.com.br\/mostrabetim1\/wp-content\/uploads\/sites\/7\/2024\/11\/A-MAKSRA-Cartaz-300x300.webp 300w, https:\/\/itfilmes.com.br\/mostrabetim1\/wp-content\/uploads\/sites\/7\/2024\/11\/A-MAKSRA-Cartaz-150x150.webp 150w, https:\/\/itfilmes.com.br\/mostrabetim1\/wp-content\/uploads\/sites\/7\/2024\/11\/A-MAKSRA-Cartaz-768x768.webp 768w\" sizes=\"(max-width: 1024px) 100vw, 1024px\" \/><button\n\t\t\tclass=\"lightbox-trigger\"\n\t\t\ttype=\"button\"\n\t\t\taria-haspopup=\"dialog\"\n\t\t\taria-label=\"Ampliar\"\n\t\t\tdata-wp-init=\"callbacks.initTriggerButton\"\n\t\t\tdata-wp-on--click=\"actions.showLightbox\"\n\t\t\tdata-wp-style--right=\"state.imageButtonRight\"\n\t\t\tdata-wp-style--top=\"state.imageButtonTop\"\n\t\t>\n\t\t\t<svg xmlns=\"http:\/\/www.w3.org\/2000\/svg\" width=\"12\" height=\"12\" fill=\"none\" viewBox=\"0 0 12 12\">\n\t\t\t\t<path fill=\"#fff\" d=\"M2 0a2 2 0 0 0-2 2v2h1.5V2a.5.5 0 0 1 .5-.5h2V0H2Zm2 10.5H2a.5.5 0 0 1-.5-.5V8H0v2a2 2 0 0 0 2 2h2v-1.5ZM8 12v-1.5h2a.5.5 0 0 0 .5-.5V8H12v2a2 2 0 0 1-2 2H8Zm2-12a2 2 0 0 1 2 2v2h-1.5V2a.5.5 0 0 0-.5-.5H8V0h2Z\" \/>\n\t\t\t<\/svg>\n\t\t<\/button><\/figure>\n\n\n\n<figure data-wp-context=\"{&quot;imageId&quot;:&quot;69ee5866a4435&quot;}\" data-wp-interactive=\"core\/image\" data-wp-key=\"69ee5866a4435\" class=\"wp-block-image size-large wp-lightbox-container\"><img loading=\"lazy\" decoding=\"async\" width=\"870\" height=\"1024\" data-wp-class--hide=\"state.isContentHidden\" data-wp-class--show=\"state.isContentVisible\" data-wp-init=\"callbacks.setButtonStyles\" data-wp-on--click=\"actions.showLightbox\" data-wp-on--load=\"callbacks.setButtonStyles\" data-wp-on-window--resize=\"callbacks.setButtonStyles\" data-id=\"4172\" src=\"https:\/\/itfilmes.com.br\/mostrabetim1\/wp-content\/uploads\/sites\/7\/2024\/11\/MEUAVOCAMPEAODOGELO_Poster-A3-870x1024.webp\" alt=\"\" class=\"wp-image-4172\"\/><button\n\t\t\tclass=\"lightbox-trigger\"\n\t\t\ttype=\"button\"\n\t\t\taria-haspopup=\"dialog\"\n\t\t\taria-label=\"Ampliar\"\n\t\t\tdata-wp-init=\"callbacks.initTriggerButton\"\n\t\t\tdata-wp-on--click=\"actions.showLightbox\"\n\t\t\tdata-wp-style--right=\"state.imageButtonRight\"\n\t\t\tdata-wp-style--top=\"state.imageButtonTop\"\n\t\t>\n\t\t\t<svg xmlns=\"http:\/\/www.w3.org\/2000\/svg\" width=\"12\" height=\"12\" fill=\"none\" viewBox=\"0 0 12 12\">\n\t\t\t\t<path fill=\"#fff\" d=\"M2 0a2 2 0 0 0-2 2v2h1.5V2a.5.5 0 0 1 .5-.5h2V0H2Zm2 10.5H2a.5.5 0 0 1-.5-.5V8H0v2a2 2 0 0 0 2 2h2v-1.5ZM8 12v-1.5h2a.5.5 0 0 0 .5-.5V8H12v2a2 2 0 0 1-2 2H8Zm2-12a2 2 0 0 1 2 2v2h-1.5V2a.5.5 0 0 0-.5-.5H8V0h2Z\" \/>\n\t\t\t<\/svg>\n\t\t<\/button><\/figure>\n\n\n\n<figure data-wp-context=\"{&quot;imageId&quot;:&quot;69ee5866a4ada&quot;}\" data-wp-interactive=\"core\/image\" data-wp-key=\"69ee5866a4ada\" class=\"wp-block-image size-large wp-lightbox-container\"><img loading=\"lazy\" decoding=\"async\" width=\"1024\" height=\"1024\" data-wp-class--hide=\"state.isContentHidden\" data-wp-class--show=\"state.isContentVisible\" data-wp-init=\"callbacks.setButtonStyles\" data-wp-on--click=\"actions.showLightbox\" data-wp-on--load=\"callbacks.setButtonStyles\" data-wp-on-window--resize=\"callbacks.setButtonStyles\" data-id=\"4171\" src=\"https:\/\/itfilmes.com.br\/mostrabetim1\/wp-content\/uploads\/sites\/7\/2024\/11\/Placa-mae-1024x1024.webp\" alt=\"\" class=\"wp-image-4171\" srcset=\"https:\/\/itfilmes.com.br\/mostrabetim1\/wp-content\/uploads\/sites\/7\/2024\/11\/Placa-mae-1024x1024.webp 1024w, https:\/\/itfilmes.com.br\/mostrabetim1\/wp-content\/uploads\/sites\/7\/2024\/11\/Placa-mae-300x300.webp 300w, https:\/\/itfilmes.com.br\/mostrabetim1\/wp-content\/uploads\/sites\/7\/2024\/11\/Placa-mae-150x150.webp 150w, https:\/\/itfilmes.com.br\/mostrabetim1\/wp-content\/uploads\/sites\/7\/2024\/11\/Placa-mae-768x768.webp 768w\" sizes=\"(max-width: 1024px) 100vw, 1024px\" \/><button\n\t\t\tclass=\"lightbox-trigger\"\n\t\t\ttype=\"button\"\n\t\t\taria-haspopup=\"dialog\"\n\t\t\taria-label=\"Ampliar\"\n\t\t\tdata-wp-init=\"callbacks.initTriggerButton\"\n\t\t\tdata-wp-on--click=\"actions.showLightbox\"\n\t\t\tdata-wp-style--right=\"state.imageButtonRight\"\n\t\t\tdata-wp-style--top=\"state.imageButtonTop\"\n\t\t>\n\t\t\t<svg xmlns=\"http:\/\/www.w3.org\/2000\/svg\" width=\"12\" height=\"12\" fill=\"none\" viewBox=\"0 0 12 12\">\n\t\t\t\t<path fill=\"#fff\" d=\"M2 0a2 2 0 0 0-2 2v2h1.5V2a.5.5 0 0 1 .5-.5h2V0H2Zm2 10.5H2a.5.5 0 0 1-.5-.5V8H0v2a2 2 0 0 0 2 2h2v-1.5ZM8 12v-1.5h2a.5.5 0 0 0 .5-.5V8H12v2a2 2 0 0 1-2 2H8Zm2-12a2 2 0 0 1 2 2v2h-1.5V2a.5.5 0 0 0-.5-.5H8V0h2Z\" \/>\n\t\t\t<\/svg>\n\t\t<\/button><\/figure>\n<\/figure>\n\n\n\n<p><\/p>\n\n\n\n<p>Promo\u00e7\u00e3o<br><strong>Circulabit<\/strong><\/p>\n\n\n\n<p>Apoio<br><strong>Prefeitura de Betim<\/strong><\/p>\n\n\n\n<p>Parceiros<br><strong>Caminhar com igualdade<br>E.M Edir Terezinha<br>E.M\u00a0 Maria de Lourdes de Oliveira<\/strong><\/p>\n\n\n\n<p><strong>Realiza\u00e7\u00e3o<\/strong><br>IT Filmes<br>Lei Paulo Gustavo<br>Minist\u00e9rio da Cultura\u00a0<br>Governo Federal do Brasil &#8211;\u00a0 Uni\u00e3o e Reconstru\u00e7\u00e3o<\/p>\n\n\n\n<p><strong>Contatos Assessoria de\u00a0 imprensa<\/strong><br>ATT Comunica\u00e7\u00e3o &#8211; Val\u00e9ria Blanco<br>11 99105 &#8211; 0441 <\/p>\n\n\n\n<p><strong>Mais informa\u00e7\u00f5es: <a href=\"https:\/\/itfilmes.com.br\/cinemaitinerante\/\">www.itfilmes.com.br\/cinemaitinerante\/<\/a><\/strong><\/p>\n","protected":false},"excerpt":{"rendered":"<p>A \u201cMostra Betim &#8211; Cinema Itinerante\u201d, realiza nos dias 27 e 28 de novembro de 2024, sess\u00f5es gratuitas de filmes brasileiros nas regi\u00f5es do PTB e Imbiru\u00e7u, em Betim. No dia 27 acontece a \u201cSess\u00e3o Betim\u201d, com exibi\u00e7\u00e3o do document\u00e1rio &#8220;Betim Viva&#8221;, em homenagem \u00e0 cidade,\u00a0 que completa no dia 17 de dezembro, deste ano, [&hellip;]<\/p>\n","protected":false},"author":1,"featured_media":4179,"comment_status":"closed","ping_status":"closed","sticky":false,"template":"","format":"standard","meta":{"footnotes":""},"categories":[1],"tags":[],"class_list":["post-4147","post","type-post","status-publish","format-standard","has-post-thumbnail","hentry","category-noticia"],"yoast_head":"<!-- This site is optimized with the Yoast SEO plugin v27.4 - https:\/\/yoast.com\/product\/yoast-seo-wordpress\/ -->\n<title>Mostra Betim Cinema Itinerante 27 e 28 de novembro de 2024<\/title>\n<meta name=\"description\" content=\"Mostra Betim Cinema Itinerante realiza nos dias 27 e 28 sess\u00f5es gratuitas de filmes brasileiros nas regi\u00f5es do PTB e Imbiru\u00e7u, em Betim.\" \/>\n<meta name=\"robots\" content=\"index, follow, max-snippet:-1, max-image-preview:large, max-video-preview:-1\" \/>\n<link rel=\"canonical\" href=\"https:\/\/itfilmes.com.br\/mostrabetim1\/mostra-de-cinema-de-betim-realiza-itinerancia-no-mes-de-novembro\/\" \/>\n<meta property=\"og:locale\" content=\"pt_BR\" \/>\n<meta property=\"og:type\" content=\"article\" \/>\n<meta property=\"og:title\" content=\"Mostra Betim Cinema Itinerante 27 e 28 de novembro de 2024\" \/>\n<meta property=\"og:description\" content=\"Mostra Betim Cinema Itinerante realiza nos dias 27 e 28 sess\u00f5es gratuitas de filmes brasileiros nas regi\u00f5es do PTB e Imbiru\u00e7u, em Betim.\" \/>\n<meta property=\"og:url\" content=\"https:\/\/itfilmes.com.br\/mostrabetim1\/mostra-de-cinema-de-betim-realiza-itinerancia-no-mes-de-novembro\/\" \/>\n<meta property=\"og:site_name\" content=\"Mostra Betim - 2024\" \/>\n<meta property=\"article:published_time\" content=\"2024-11-28T09:21:39+00:00\" \/>\n<meta property=\"article:modified_time\" content=\"2024-11-28T09:34:44+00:00\" \/>\n<meta property=\"og:image\" content=\"https:\/\/itfilmes.com.br\/mostrabetim1\/wp-content\/uploads\/sites\/7\/2024\/11\/Mostra-Betim-Cinema-Itinerante.png\" \/>\n\t<meta property=\"og:image:width\" content=\"2667\" \/>\n\t<meta property=\"og:image:height\" content=\"2667\" \/>\n\t<meta property=\"og:image:type\" content=\"image\/png\" \/>\n<meta name=\"author\" content=\"AppIt\" \/>\n<meta name=\"twitter:card\" content=\"summary_large_image\" \/>\n<script type=\"application\/ld+json\" class=\"yoast-schema-graph\">{\"@context\":\"https:\\\/\\\/schema.org\",\"@graph\":[{\"@type\":\"Article\",\"@id\":\"https:\\\/\\\/itfilmes.com.br\\\/mostrabetim1\\\/mostra-de-cinema-de-betim-realiza-itinerancia-no-mes-de-novembro\\\/#article\",\"isPartOf\":{\"@id\":\"https:\\\/\\\/itfilmes.com.br\\\/mostrabetim1\\\/mostra-de-cinema-de-betim-realiza-itinerancia-no-mes-de-novembro\\\/\"},\"author\":{\"name\":\"AppIt\",\"@id\":\"https:\\\/\\\/itfilmes.com.br\\\/mostrabetim1\\\/#\\\/schema\\\/person\\\/60af4a433d6a61fe3ac7c3693efc30f8\"},\"headline\":\"Mostra de Cinema de Betim realiza itiner\u00e2ncia no m\u00eas de novembro\",\"datePublished\":\"2024-11-28T09:21:39+00:00\",\"dateModified\":\"2024-11-28T09:34:44+00:00\",\"mainEntityOfPage\":{\"@id\":\"https:\\\/\\\/itfilmes.com.br\\\/mostrabetim1\\\/mostra-de-cinema-de-betim-realiza-itinerancia-no-mes-de-novembro\\\/\"},\"wordCount\":1222,\"publisher\":{\"@id\":\"https:\\\/\\\/itfilmes.com.br\\\/mostrabetim1\\\/#organization\"},\"image\":{\"@id\":\"https:\\\/\\\/itfilmes.com.br\\\/mostrabetim1\\\/mostra-de-cinema-de-betim-realiza-itinerancia-no-mes-de-novembro\\\/#primaryimage\"},\"thumbnailUrl\":\"https:\\\/\\\/itfilmes.com.br\\\/mostrabetim1\\\/wp-content\\\/uploads\\\/sites\\\/7\\\/2024\\\/11\\\/Mostra-Betim-Cinema-Itinerante.png\",\"articleSection\":[\"Not\u00edcia\"],\"inLanguage\":\"pt-BR\"},{\"@type\":\"WebPage\",\"@id\":\"https:\\\/\\\/itfilmes.com.br\\\/mostrabetim1\\\/mostra-de-cinema-de-betim-realiza-itinerancia-no-mes-de-novembro\\\/\",\"url\":\"https:\\\/\\\/itfilmes.com.br\\\/mostrabetim1\\\/mostra-de-cinema-de-betim-realiza-itinerancia-no-mes-de-novembro\\\/\",\"name\":\"Mostra Betim Cinema Itinerante 27 e 28 de novembro de 2024\",\"isPartOf\":{\"@id\":\"https:\\\/\\\/itfilmes.com.br\\\/mostrabetim1\\\/#website\"},\"primaryImageOfPage\":{\"@id\":\"https:\\\/\\\/itfilmes.com.br\\\/mostrabetim1\\\/mostra-de-cinema-de-betim-realiza-itinerancia-no-mes-de-novembro\\\/#primaryimage\"},\"image\":{\"@id\":\"https:\\\/\\\/itfilmes.com.br\\\/mostrabetim1\\\/mostra-de-cinema-de-betim-realiza-itinerancia-no-mes-de-novembro\\\/#primaryimage\"},\"thumbnailUrl\":\"https:\\\/\\\/itfilmes.com.br\\\/mostrabetim1\\\/wp-content\\\/uploads\\\/sites\\\/7\\\/2024\\\/11\\\/Mostra-Betim-Cinema-Itinerante.png\",\"datePublished\":\"2024-11-28T09:21:39+00:00\",\"dateModified\":\"2024-11-28T09:34:44+00:00\",\"description\":\"Mostra Betim Cinema Itinerante realiza nos dias 27 e 28 sess\u00f5es gratuitas de filmes brasileiros nas regi\u00f5es do PTB e Imbiru\u00e7u, em Betim.\",\"breadcrumb\":{\"@id\":\"https:\\\/\\\/itfilmes.com.br\\\/mostrabetim1\\\/mostra-de-cinema-de-betim-realiza-itinerancia-no-mes-de-novembro\\\/#breadcrumb\"},\"inLanguage\":\"pt-BR\",\"potentialAction\":[{\"@type\":\"ReadAction\",\"target\":[\"https:\\\/\\\/itfilmes.com.br\\\/mostrabetim1\\\/mostra-de-cinema-de-betim-realiza-itinerancia-no-mes-de-novembro\\\/\"]}]},{\"@type\":\"ImageObject\",\"inLanguage\":\"pt-BR\",\"@id\":\"https:\\\/\\\/itfilmes.com.br\\\/mostrabetim1\\\/mostra-de-cinema-de-betim-realiza-itinerancia-no-mes-de-novembro\\\/#primaryimage\",\"url\":\"https:\\\/\\\/itfilmes.com.br\\\/mostrabetim1\\\/wp-content\\\/uploads\\\/sites\\\/7\\\/2024\\\/11\\\/Mostra-Betim-Cinema-Itinerante.png\",\"contentUrl\":\"https:\\\/\\\/itfilmes.com.br\\\/mostrabetim1\\\/wp-content\\\/uploads\\\/sites\\\/7\\\/2024\\\/11\\\/Mostra-Betim-Cinema-Itinerante.png\",\"width\":2667,\"height\":2667},{\"@type\":\"BreadcrumbList\",\"@id\":\"https:\\\/\\\/itfilmes.com.br\\\/mostrabetim1\\\/mostra-de-cinema-de-betim-realiza-itinerancia-no-mes-de-novembro\\\/#breadcrumb\",\"itemListElement\":[{\"@type\":\"ListItem\",\"position\":1,\"name\":\"In\u00edcio\",\"item\":\"https:\\\/\\\/itfilmes.com.br\\\/mostrabetim1\\\/\"},{\"@type\":\"ListItem\",\"position\":2,\"name\":\"Mostra de Cinema de Betim realiza itiner\u00e2ncia no m\u00eas de novembro\"}]},{\"@type\":\"WebSite\",\"@id\":\"https:\\\/\\\/itfilmes.com.br\\\/mostrabetim1\\\/#website\",\"url\":\"https:\\\/\\\/itfilmes.com.br\\\/mostrabetim1\\\/\",\"name\":\"Mostra Betim - IT Filmes\",\"description\":\"Cinema pra todos\",\"publisher\":{\"@id\":\"https:\\\/\\\/itfilmes.com.br\\\/mostrabetim1\\\/#organization\"},\"alternateName\":\"Mostra Betim - IT Filmes\",\"potentialAction\":[{\"@type\":\"SearchAction\",\"target\":{\"@type\":\"EntryPoint\",\"urlTemplate\":\"https:\\\/\\\/itfilmes.com.br\\\/mostrabetim1\\\/?s={search_term_string}\"},\"query-input\":{\"@type\":\"PropertyValueSpecification\",\"valueRequired\":true,\"valueName\":\"search_term_string\"}}],\"inLanguage\":\"pt-BR\"},{\"@type\":\"Organization\",\"@id\":\"https:\\\/\\\/itfilmes.com.br\\\/mostrabetim1\\\/#organization\",\"name\":\"Mostra Betim - IT Filmes\",\"url\":\"https:\\\/\\\/itfilmes.com.br\\\/mostrabetim1\\\/\",\"logo\":{\"@type\":\"ImageObject\",\"inLanguage\":\"pt-BR\",\"@id\":\"https:\\\/\\\/itfilmes.com.br\\\/mostrabetim1\\\/#\\\/schema\\\/logo\\\/image\\\/\",\"url\":\"https:\\\/\\\/itfilmes.com.br\\\/mostrabetim1\\\/wp-content\\\/uploads\\\/sites\\\/7\\\/2024\\\/03\\\/mostra-betim-logo@2x.png\",\"contentUrl\":\"https:\\\/\\\/itfilmes.com.br\\\/mostrabetim1\\\/wp-content\\\/uploads\\\/sites\\\/7\\\/2024\\\/03\\\/mostra-betim-logo@2x.png\",\"width\":908,\"height\":235,\"caption\":\"Mostra Betim - IT Filmes\"},\"image\":{\"@id\":\"https:\\\/\\\/itfilmes.com.br\\\/mostrabetim1\\\/#\\\/schema\\\/logo\\\/image\\\/\"}},{\"@type\":\"Person\",\"@id\":\"https:\\\/\\\/itfilmes.com.br\\\/mostrabetim1\\\/#\\\/schema\\\/person\\\/60af4a433d6a61fe3ac7c3693efc30f8\",\"name\":\"AppIt\",\"image\":{\"@type\":\"ImageObject\",\"inLanguage\":\"pt-BR\",\"@id\":\"https:\\\/\\\/secure.gravatar.com\\\/avatar\\\/0530b27294ab1302f008a9b0e92ff62ac09306ead56aa56b279ba1a0b3cb4aeb?s=96&d=mm&r=g\",\"url\":\"https:\\\/\\\/secure.gravatar.com\\\/avatar\\\/0530b27294ab1302f008a9b0e92ff62ac09306ead56aa56b279ba1a0b3cb4aeb?s=96&d=mm&r=g\",\"contentUrl\":\"https:\\\/\\\/secure.gravatar.com\\\/avatar\\\/0530b27294ab1302f008a9b0e92ff62ac09306ead56aa56b279ba1a0b3cb4aeb?s=96&d=mm&r=g\",\"caption\":\"AppIt\"},\"sameAs\":[\"https:\\\/\\\/itfilmes.com.br\"]}]}<\/script>\n<!-- \/ Yoast SEO plugin. -->","yoast_head_json":{"title":"Mostra Betim Cinema Itinerante 27 e 28 de novembro de 2024","description":"Mostra Betim Cinema Itinerante realiza nos dias 27 e 28 sess\u00f5es gratuitas de filmes brasileiros nas regi\u00f5es do PTB e Imbiru\u00e7u, em Betim.","robots":{"index":"index","follow":"follow","max-snippet":"max-snippet:-1","max-image-preview":"max-image-preview:large","max-video-preview":"max-video-preview:-1"},"canonical":"https:\/\/itfilmes.com.br\/mostrabetim1\/mostra-de-cinema-de-betim-realiza-itinerancia-no-mes-de-novembro\/","og_locale":"pt_BR","og_type":"article","og_title":"Mostra Betim Cinema Itinerante 27 e 28 de novembro de 2024","og_description":"Mostra Betim Cinema Itinerante realiza nos dias 27 e 28 sess\u00f5es gratuitas de filmes brasileiros nas regi\u00f5es do PTB e Imbiru\u00e7u, em Betim.","og_url":"https:\/\/itfilmes.com.br\/mostrabetim1\/mostra-de-cinema-de-betim-realiza-itinerancia-no-mes-de-novembro\/","og_site_name":"Mostra Betim - 2024","article_published_time":"2024-11-28T09:21:39+00:00","article_modified_time":"2024-11-28T09:34:44+00:00","og_image":[{"width":2667,"height":2667,"url":"https:\/\/itfilmes.com.br\/mostrabetim1\/wp-content\/uploads\/sites\/7\/2024\/11\/Mostra-Betim-Cinema-Itinerante.png","type":"image\/png"}],"author":"AppIt","twitter_card":"summary_large_image","schema":{"@context":"https:\/\/schema.org","@graph":[{"@type":"Article","@id":"https:\/\/itfilmes.com.br\/mostrabetim1\/mostra-de-cinema-de-betim-realiza-itinerancia-no-mes-de-novembro\/#article","isPartOf":{"@id":"https:\/\/itfilmes.com.br\/mostrabetim1\/mostra-de-cinema-de-betim-realiza-itinerancia-no-mes-de-novembro\/"},"author":{"name":"AppIt","@id":"https:\/\/itfilmes.com.br\/mostrabetim1\/#\/schema\/person\/60af4a433d6a61fe3ac7c3693efc30f8"},"headline":"Mostra de Cinema de Betim realiza itiner\u00e2ncia no m\u00eas de novembro","datePublished":"2024-11-28T09:21:39+00:00","dateModified":"2024-11-28T09:34:44+00:00","mainEntityOfPage":{"@id":"https:\/\/itfilmes.com.br\/mostrabetim1\/mostra-de-cinema-de-betim-realiza-itinerancia-no-mes-de-novembro\/"},"wordCount":1222,"publisher":{"@id":"https:\/\/itfilmes.com.br\/mostrabetim1\/#organization"},"image":{"@id":"https:\/\/itfilmes.com.br\/mostrabetim1\/mostra-de-cinema-de-betim-realiza-itinerancia-no-mes-de-novembro\/#primaryimage"},"thumbnailUrl":"https:\/\/itfilmes.com.br\/mostrabetim1\/wp-content\/uploads\/sites\/7\/2024\/11\/Mostra-Betim-Cinema-Itinerante.png","articleSection":["Not\u00edcia"],"inLanguage":"pt-BR"},{"@type":"WebPage","@id":"https:\/\/itfilmes.com.br\/mostrabetim1\/mostra-de-cinema-de-betim-realiza-itinerancia-no-mes-de-novembro\/","url":"https:\/\/itfilmes.com.br\/mostrabetim1\/mostra-de-cinema-de-betim-realiza-itinerancia-no-mes-de-novembro\/","name":"Mostra Betim Cinema Itinerante 27 e 28 de novembro de 2024","isPartOf":{"@id":"https:\/\/itfilmes.com.br\/mostrabetim1\/#website"},"primaryImageOfPage":{"@id":"https:\/\/itfilmes.com.br\/mostrabetim1\/mostra-de-cinema-de-betim-realiza-itinerancia-no-mes-de-novembro\/#primaryimage"},"image":{"@id":"https:\/\/itfilmes.com.br\/mostrabetim1\/mostra-de-cinema-de-betim-realiza-itinerancia-no-mes-de-novembro\/#primaryimage"},"thumbnailUrl":"https:\/\/itfilmes.com.br\/mostrabetim1\/wp-content\/uploads\/sites\/7\/2024\/11\/Mostra-Betim-Cinema-Itinerante.png","datePublished":"2024-11-28T09:21:39+00:00","dateModified":"2024-11-28T09:34:44+00:00","description":"Mostra Betim Cinema Itinerante realiza nos dias 27 e 28 sess\u00f5es gratuitas de filmes brasileiros nas regi\u00f5es do PTB e Imbiru\u00e7u, em Betim.","breadcrumb":{"@id":"https:\/\/itfilmes.com.br\/mostrabetim1\/mostra-de-cinema-de-betim-realiza-itinerancia-no-mes-de-novembro\/#breadcrumb"},"inLanguage":"pt-BR","potentialAction":[{"@type":"ReadAction","target":["https:\/\/itfilmes.com.br\/mostrabetim1\/mostra-de-cinema-de-betim-realiza-itinerancia-no-mes-de-novembro\/"]}]},{"@type":"ImageObject","inLanguage":"pt-BR","@id":"https:\/\/itfilmes.com.br\/mostrabetim1\/mostra-de-cinema-de-betim-realiza-itinerancia-no-mes-de-novembro\/#primaryimage","url":"https:\/\/itfilmes.com.br\/mostrabetim1\/wp-content\/uploads\/sites\/7\/2024\/11\/Mostra-Betim-Cinema-Itinerante.png","contentUrl":"https:\/\/itfilmes.com.br\/mostrabetim1\/wp-content\/uploads\/sites\/7\/2024\/11\/Mostra-Betim-Cinema-Itinerante.png","width":2667,"height":2667},{"@type":"BreadcrumbList","@id":"https:\/\/itfilmes.com.br\/mostrabetim1\/mostra-de-cinema-de-betim-realiza-itinerancia-no-mes-de-novembro\/#breadcrumb","itemListElement":[{"@type":"ListItem","position":1,"name":"In\u00edcio","item":"https:\/\/itfilmes.com.br\/mostrabetim1\/"},{"@type":"ListItem","position":2,"name":"Mostra de Cinema de Betim realiza itiner\u00e2ncia no m\u00eas de novembro"}]},{"@type":"WebSite","@id":"https:\/\/itfilmes.com.br\/mostrabetim1\/#website","url":"https:\/\/itfilmes.com.br\/mostrabetim1\/","name":"Mostra Betim - IT Filmes","description":"Cinema pra todos","publisher":{"@id":"https:\/\/itfilmes.com.br\/mostrabetim1\/#organization"},"alternateName":"Mostra Betim - IT Filmes","potentialAction":[{"@type":"SearchAction","target":{"@type":"EntryPoint","urlTemplate":"https:\/\/itfilmes.com.br\/mostrabetim1\/?s={search_term_string}"},"query-input":{"@type":"PropertyValueSpecification","valueRequired":true,"valueName":"search_term_string"}}],"inLanguage":"pt-BR"},{"@type":"Organization","@id":"https:\/\/itfilmes.com.br\/mostrabetim1\/#organization","name":"Mostra Betim - IT Filmes","url":"https:\/\/itfilmes.com.br\/mostrabetim1\/","logo":{"@type":"ImageObject","inLanguage":"pt-BR","@id":"https:\/\/itfilmes.com.br\/mostrabetim1\/#\/schema\/logo\/image\/","url":"https:\/\/itfilmes.com.br\/mostrabetim1\/wp-content\/uploads\/sites\/7\/2024\/03\/mostra-betim-logo@2x.png","contentUrl":"https:\/\/itfilmes.com.br\/mostrabetim1\/wp-content\/uploads\/sites\/7\/2024\/03\/mostra-betim-logo@2x.png","width":908,"height":235,"caption":"Mostra Betim - IT Filmes"},"image":{"@id":"https:\/\/itfilmes.com.br\/mostrabetim1\/#\/schema\/logo\/image\/"}},{"@type":"Person","@id":"https:\/\/itfilmes.com.br\/mostrabetim1\/#\/schema\/person\/60af4a433d6a61fe3ac7c3693efc30f8","name":"AppIt","image":{"@type":"ImageObject","inLanguage":"pt-BR","@id":"https:\/\/secure.gravatar.com\/avatar\/0530b27294ab1302f008a9b0e92ff62ac09306ead56aa56b279ba1a0b3cb4aeb?s=96&d=mm&r=g","url":"https:\/\/secure.gravatar.com\/avatar\/0530b27294ab1302f008a9b0e92ff62ac09306ead56aa56b279ba1a0b3cb4aeb?s=96&d=mm&r=g","contentUrl":"https:\/\/secure.gravatar.com\/avatar\/0530b27294ab1302f008a9b0e92ff62ac09306ead56aa56b279ba1a0b3cb4aeb?s=96&d=mm&r=g","caption":"AppIt"},"sameAs":["https:\/\/itfilmes.com.br"]}]}},"_links":{"self":[{"href":"https:\/\/itfilmes.com.br\/mostrabetim1\/wp-json\/wp\/v2\/posts\/4147","targetHints":{"allow":["GET"]}}],"collection":[{"href":"https:\/\/itfilmes.com.br\/mostrabetim1\/wp-json\/wp\/v2\/posts"}],"about":[{"href":"https:\/\/itfilmes.com.br\/mostrabetim1\/wp-json\/wp\/v2\/types\/post"}],"author":[{"embeddable":true,"href":"https:\/\/itfilmes.com.br\/mostrabetim1\/wp-json\/wp\/v2\/users\/1"}],"replies":[{"embeddable":true,"href":"https:\/\/itfilmes.com.br\/mostrabetim1\/wp-json\/wp\/v2\/comments?post=4147"}],"version-history":[{"count":22,"href":"https:\/\/itfilmes.com.br\/mostrabetim1\/wp-json\/wp\/v2\/posts\/4147\/revisions"}],"predecessor-version":[{"id":4178,"href":"https:\/\/itfilmes.com.br\/mostrabetim1\/wp-json\/wp\/v2\/posts\/4147\/revisions\/4178"}],"wp:featuredmedia":[{"embeddable":true,"href":"https:\/\/itfilmes.com.br\/mostrabetim1\/wp-json\/wp\/v2\/media\/4179"}],"wp:attachment":[{"href":"https:\/\/itfilmes.com.br\/mostrabetim1\/wp-json\/wp\/v2\/media?parent=4147"}],"wp:term":[{"taxonomy":"category","embeddable":true,"href":"https:\/\/itfilmes.com.br\/mostrabetim1\/wp-json\/wp\/v2\/categories?post=4147"},{"taxonomy":"post_tag","embeddable":true,"href":"https:\/\/itfilmes.com.br\/mostrabetim1\/wp-json\/wp\/v2\/tags?post=4147"}],"curies":[{"name":"wp","href":"https:\/\/api.w.org\/{rel}","templated":true}]}}